{"id":11402,"date":"2024-04-03T15:05:17","date_gmt":"2024-04-03T18:05:17","guid":{"rendered":"https:\/\/www.nutricion.edu.uy\/?p=11402"},"modified":"2024-04-03T15:05:20","modified_gmt":"2024-04-03T18:05:20","slug":"estudiantes-en-situacion-de-inscripcion-provisoria","status":"publish","type":"post","link":"https:\/\/www.nutricion.edu.uy\/?p=11402","title":{"rendered":"Estudiantes en situaci\u00f3n de \u00bbinscripci\u00f3n Provisoria\u00bb"},"content":{"rendered":"\n<p>Bedel\u00eda informa: Aquellos estudiantes que a la fecha se encuentren con<strong>\u00a0\u00abinscripci\u00f3n Provisoria\u00bb,\u00a0<\/strong>deber\u00e1n presentarse en Ventanilla\u00a0<strong>hasta el Jueves\u00a016 de Mayo<\/strong>\u00a0del corriente, en horario de atenci\u00f3n al p\u00fablico:\u00a0Lunes\u00a0y\u00a0Mi\u00e9rcoles de 10:00 a 12:00 horas o\u00a0Martes\u00a0y\u00a0Jueves\u00a0de 14:00 a 16:00 horas con la C\u00e9dula de identidad y Original de la F\u00f3rmula 69 A o constancia de egreso UTU, que acredite la finalizaci\u00f3n de Bachillerato.<\/p>\n\n\n\n<p>De no poder concurrir, podr\u00e1 hacerlo otra persona en representaci\u00f3n.<\/p>\n\n\n\n<p>Tener en cuenta que si el estudiante se encuentra en curso y no regulariza la inscripci\u00f3n, Bedel\u00eda no podr\u00e1 ingresar a SGAE el resultado de la actividad, as\u00ed como el estudiante no podr\u00e1 inscribirse a los ex\u00e1menes.<\/p>\n\n\n\n<p>Finalizado el plazo, se invalidar\u00e1n las inscripciones Provisorias y posteriormente se dar\u00e1 de baja a la carrera.<\/p>\n\n\n\n<p>No habr\u00e1n excepciones.<\/p>\n\n\n\n<p>Bedel\u00eda<\/p>\n","protected":false},"excerpt":{"rendered":"<p>Bedel\u00eda informa: Aquellos estudiantes que a la fecha se encuentren con\u00a0\u00abinscripci\u00f3n Provisoria\u00bb,\u00a0deber\u00e1n presentarse en Ventanilla\u00a0hasta el Jueves\u00a016 de Mayo\u00a0del corriente, en horario de atenci\u00f3n al p\u00fablico:\u00a0Lunes\u00a0y\u00a0Mi\u00e9rcoles de 10:00 a 12:00 horas o\u00a0Martes\u00a0y\u00a0Jueves\u00a0de 14:00 a 16:00 horas con la C\u00e9dula de identidad y Original de la F\u00f3rmula 69 A o constancia de egreso UTU, que acredite&hellip;<\/p>\n","protected":false},"author":50,"featured_media":10897,"comment_status":"closed","ping_status":"closed","sticky":false,"template":"","format":"standard","meta":{"footnotes":""},"categories":[4,49],"tags":[39,97],"class_list":["post-11402","post","type-post","status-publish","format-standard","has-post-thumbnail","hentry","category-bedelia","category-destacada","tag-bedelia","tag-generacion-2024"],"yoast_head":"<!-- This site is optimized with the Yoast SEO plugin v24.9 - https:\/\/yoast.com\/wordpress\/plugins\/seo\/ -->\n<title>Estudiantes en situaci\u00f3n de &#039;&#039;inscripci\u00f3n Provisoria&#039;&#039; - Escuela de Nutrici\u00f3n<\/title>\n<meta name=\"robots\" content=\"index, follow, max-snippet:-1, max-image-preview:large, max-video-preview:-1\" \/>\n<link rel=\"canonical\" href=\"https:\/\/www.nutricion.edu.uy\/?p=11402\" \/>\n<meta property=\"og:locale\" content=\"es_ES\" \/>\n<meta property=\"og:type\" content=\"article\" \/>\n<meta property=\"og:title\" content=\"Estudiantes en situaci\u00f3n de &#039;&#039;inscripci\u00f3n Provisoria&#039;&#039; - Escuela de Nutrici\u00f3n\" \/>\n<meta property=\"og:description\" content=\"Bedel\u00eda informa: Aquellos estudiantes que a la fecha se encuentren con\u00a0\u00abinscripci\u00f3n Provisoria\u00bb,\u00a0deber\u00e1n presentarse en Ventanilla\u00a0hasta el Jueves\u00a016 de Mayo\u00a0del corriente, en horario de atenci\u00f3n al p\u00fablico:\u00a0Lunes\u00a0y\u00a0Mi\u00e9rcoles de 10:00 a 12:00 horas o\u00a0Martes\u00a0y\u00a0Jueves\u00a0de 14:00 a 16:00 horas con la C\u00e9dula de identidad y Original de la F\u00f3rmula 69 A o constancia de egreso UTU, que acredite&hellip;\" \/>\n<meta property=\"og:url\" content=\"https:\/\/www.nutricion.edu.uy\/?p=11402\" \/>\n<meta property=\"og:site_name\" content=\"Escuela de Nutrici\u00f3n\" \/>\n<meta property=\"article:published_time\" content=\"2024-04-03T18:05:17+00:00\" \/>\n<meta property=\"article:modified_time\" content=\"2024-04-03T18:05:20+00:00\" \/>\n<meta property=\"og:image\" content=\"https:\/\/www.nutricion.edu.uy\/wp-content\/uploads\/2024\/01\/portada-aviso.jpg\" \/>\n\t<meta property=\"og:image:width\" content=\"636\" \/>\n\t<meta property=\"og:image:height\" content=\"321\" \/>\n\t<meta property=\"og:image:type\" content=\"image\/jpeg\" \/>\n<meta name=\"author\" content=\"Sof\u00eda Remedi\" \/>\n<meta name=\"twitter:card\" content=\"summary_large_image\" \/>\n<meta name=\"twitter:label1\" content=\"Escrito por\" \/>\n\t<meta name=\"twitter:data1\" content=\"Sof\u00eda Remedi\" \/>\n\t<meta name=\"twitter:label2\" content=\"Tiempo de lectura\" \/>\n\t<meta name=\"twitter:data2\" content=\"1 minuto\" \/>\n<script type=\"application\/ld+json\" class=\"yoast-schema-graph\">{\"@context\":\"https:\/\/schema.org\",\"@graph\":[{\"@type\":\"Article\",\"@id\":\"https:\/\/www.nutricion.edu.uy\/?p=11402#article\",\"isPartOf\":{\"@id\":\"https:\/\/www.nutricion.edu.uy\/?p=11402\"},\"author\":{\"name\":\"Sof\u00eda Remedi\",\"@id\":\"https:\/\/www.nutricion.edu.uy\/#\/schema\/person\/36975b5d18240838a914c2596eb5574b\"},\"headline\":\"Estudiantes en situaci\u00f3n de \u00bbinscripci\u00f3n Provisoria\u00bb\",\"datePublished\":\"2024-04-03T18:05:17+00:00\",\"dateModified\":\"2024-04-03T18:05:20+00:00\",\"mainEntityOfPage\":{\"@id\":\"https:\/\/www.nutricion.edu.uy\/?p=11402\"},\"wordCount\":157,\"publisher\":{\"@id\":\"https:\/\/www.nutricion.edu.uy\/#organization\"},\"image\":{\"@id\":\"https:\/\/www.nutricion.edu.uy\/?p=11402#primaryimage\"},\"thumbnailUrl\":\"https:\/\/www.nutricion.edu.uy\/wp-content\/uploads\/2024\/01\/portada-aviso.jpg\",\"keywords\":[\"Bedelia\",\"generacion 2024\"],\"articleSection\":[\"Bedelia\",\"Destacada\"],\"inLanguage\":\"es\"},{\"@type\":\"WebPage\",\"@id\":\"https:\/\/www.nutricion.edu.uy\/?p=11402\",\"url\":\"https:\/\/www.nutricion.edu.uy\/?p=11402\",\"name\":\"Estudiantes en situaci\u00f3n de ''inscripci\u00f3n Provisoria'' - Escuela de Nutrici\u00f3n\",\"isPartOf\":{\"@id\":\"https:\/\/www.nutricion.edu.uy\/#website\"},\"primaryImageOfPage\":{\"@id\":\"https:\/\/www.nutricion.edu.uy\/?p=11402#primaryimage\"},\"image\":{\"@id\":\"https:\/\/www.nutricion.edu.uy\/?p=11402#primaryimage\"},\"thumbnailUrl\":\"https:\/\/www.nutricion.edu.uy\/wp-content\/uploads\/2024\/01\/portada-aviso.jpg\",\"datePublished\":\"2024-04-03T18:05:17+00:00\",\"dateModified\":\"2024-04-03T18:05:20+00:00\",\"breadcrumb\":{\"@id\":\"https:\/\/www.nutricion.edu.uy\/?p=11402#breadcrumb\"},\"inLanguage\":\"es\",\"potentialAction\":[{\"@type\":\"ReadAction\",\"target\":[\"https:\/\/www.nutricion.edu.uy\/?p=11402\"]}]},{\"@type\":\"ImageObject\",\"inLanguage\":\"es\",\"@id\":\"https:\/\/www.nutricion.edu.uy\/?p=11402#primaryimage\",\"url\":\"https:\/\/www.nutricion.edu.uy\/wp-content\/uploads\/2024\/01\/portada-aviso.jpg\",\"contentUrl\":\"https:\/\/www.nutricion.edu.uy\/wp-content\/uploads\/2024\/01\/portada-aviso.jpg\",\"width\":636,\"height\":321},{\"@type\":\"BreadcrumbList\",\"@id\":\"https:\/\/www.nutricion.edu.uy\/?p=11402#breadcrumb\",\"itemListElement\":[{\"@type\":\"ListItem\",\"position\":1,\"name\":\"Portada\",\"item\":\"https:\/\/www.nutricion.edu.uy\/\"},{\"@type\":\"ListItem\",\"position\":2,\"name\":\"Estudiantes en situaci\u00f3n de \u00bbinscripci\u00f3n Provisoria\u00bb\"}]},{\"@type\":\"WebSite\",\"@id\":\"https:\/\/www.nutricion.edu.uy\/#website\",\"url\":\"https:\/\/www.nutricion.edu.uy\/\",\"name\":\"Escuela de Nutrici\u00f3n\",\"description\":\"Universidad de la Rep\u00fablica\",\"publisher\":{\"@id\":\"https:\/\/www.nutricion.edu.uy\/#organization\"},\"potentialAction\":[{\"@type\":\"SearchAction\",\"target\":{\"@type\":\"EntryPoint\",\"urlTemplate\":\"https:\/\/www.nutricion.edu.uy\/?s={search_term_string}\"},\"query-input\":{\"@type\":\"PropertyValueSpecification\",\"valueRequired\":true,\"valueName\":\"search_term_string\"}}],\"inLanguage\":\"es\"},{\"@type\":\"Organization\",\"@id\":\"https:\/\/www.nutricion.edu.uy\/#organization\",\"name\":\"Escuela de Nutrici\u00f3n Udelar\",\"url\":\"https:\/\/www.nutricion.edu.uy\/\",\"logo\":{\"@type\":\"ImageObject\",\"inLanguage\":\"es\",\"@id\":\"https:\/\/www.nutricion.edu.uy\/#\/schema\/logo\/image\/\",\"url\":\"https:\/\/www.nutricion.edu.uy\/wp-content\/uploads\/2018\/01\/logo_escuela.png\",\"contentUrl\":\"https:\/\/www.nutricion.edu.uy\/wp-content\/uploads\/2018\/01\/logo_escuela.png\",\"width\":257,\"height\":70,\"caption\":\"Escuela de Nutrici\u00f3n Udelar\"},\"image\":{\"@id\":\"https:\/\/www.nutricion.edu.uy\/#\/schema\/logo\/image\/\"}},{\"@type\":\"Person\",\"@id\":\"https:\/\/www.nutricion.edu.uy\/#\/schema\/person\/36975b5d18240838a914c2596eb5574b\",\"name\":\"Sof\u00eda Remedi\",\"url\":\"https:\/\/www.nutricion.edu.uy\/?author=50\"}]}<\/script>\n<!-- \/ Yoast SEO plugin. -->","yoast_head_json":{"title":"Estudiantes en situaci\u00f3n de ''inscripci\u00f3n Provisoria'' - Escuela de Nutrici\u00f3n","robots":{"index":"index","follow":"follow","max-snippet":"max-snippet:-1","max-image-preview":"max-image-preview:large","max-video-preview":"max-video-preview:-1"},"canonical":"https:\/\/www.nutricion.edu.uy\/?p=11402","og_locale":"es_ES","og_type":"article","og_title":"Estudiantes en situaci\u00f3n de ''inscripci\u00f3n Provisoria'' - Escuela de Nutrici\u00f3n","og_description":"Bedel\u00eda informa: Aquellos estudiantes que a la fecha se encuentren con\u00a0\u00abinscripci\u00f3n Provisoria\u00bb,\u00a0deber\u00e1n presentarse en Ventanilla\u00a0hasta el Jueves\u00a016 de Mayo\u00a0del corriente, en horario de atenci\u00f3n al p\u00fablico:\u00a0Lunes\u00a0y\u00a0Mi\u00e9rcoles de 10:00 a 12:00 horas o\u00a0Martes\u00a0y\u00a0Jueves\u00a0de 14:00 a 16:00 horas con la C\u00e9dula de identidad y Original de la F\u00f3rmula 69 A o constancia de egreso UTU, que acredite&hellip;","og_url":"https:\/\/www.nutricion.edu.uy\/?p=11402","og_site_name":"Escuela de Nutrici\u00f3n","article_published_time":"2024-04-03T18:05:17+00:00","article_modified_time":"2024-04-03T18:05:20+00:00","og_image":[{"width":636,"height":321,"url":"https:\/\/www.nutricion.edu.uy\/wp-content\/uploads\/2024\/01\/portada-aviso.jpg","type":"image\/jpeg"}],"author":"Sof\u00eda Remedi","twitter_card":"summary_large_image","twitter_misc":{"Escrito por":"Sof\u00eda Remedi","Tiempo de lectura":"1 minuto"},"schema":{"@context":"https:\/\/schema.org","@graph":[{"@type":"Article","@id":"https:\/\/www.nutricion.edu.uy\/?p=11402#article","isPartOf":{"@id":"https:\/\/www.nutricion.edu.uy\/?p=11402"},"author":{"name":"Sof\u00eda Remedi","@id":"https:\/\/www.nutricion.edu.uy\/#\/schema\/person\/36975b5d18240838a914c2596eb5574b"},"headline":"Estudiantes en situaci\u00f3n de \u00bbinscripci\u00f3n Provisoria\u00bb","datePublished":"2024-04-03T18:05:17+00:00","dateModified":"2024-04-03T18:05:20+00:00","mainEntityOfPage":{"@id":"https:\/\/www.nutricion.edu.uy\/?p=11402"},"wordCount":157,"publisher":{"@id":"https:\/\/www.nutricion.edu.uy\/#organization"},"image":{"@id":"https:\/\/www.nutricion.edu.uy\/?p=11402#primaryimage"},"thumbnailUrl":"https:\/\/www.nutricion.edu.uy\/wp-content\/uploads\/2024\/01\/portada-aviso.jpg","keywords":["Bedelia","generacion 2024"],"articleSection":["Bedelia","Destacada"],"inLanguage":"es"},{"@type":"WebPage","@id":"https:\/\/www.nutricion.edu.uy\/?p=11402","url":"https:\/\/www.nutricion.edu.uy\/?p=11402","name":"Estudiantes en situaci\u00f3n de ''inscripci\u00f3n Provisoria'' - Escuela de Nutrici\u00f3n","isPartOf":{"@id":"https:\/\/www.nutricion.edu.uy\/#website"},"primaryImageOfPage":{"@id":"https:\/\/www.nutricion.edu.uy\/?p=11402#primaryimage"},"image":{"@id":"https:\/\/www.nutricion.edu.uy\/?p=11402#primaryimage"},"thumbnailUrl":"https:\/\/www.nutricion.edu.uy\/wp-content\/uploads\/2024\/01\/portada-aviso.jpg","datePublished":"2024-04-03T18:05:17+00:00","dateModified":"2024-04-03T18:05:20+00:00","breadcrumb":{"@id":"https:\/\/www.nutricion.edu.uy\/?p=11402#breadcrumb"},"inLanguage":"es","potentialAction":[{"@type":"ReadAction","target":["https:\/\/www.nutricion.edu.uy\/?p=11402"]}]},{"@type":"ImageObject","inLanguage":"es","@id":"https:\/\/www.nutricion.edu.uy\/?p=11402#primaryimage","url":"https:\/\/www.nutricion.edu.uy\/wp-content\/uploads\/2024\/01\/portada-aviso.jpg","contentUrl":"https:\/\/www.nutricion.edu.uy\/wp-content\/uploads\/2024\/01\/portada-aviso.jpg","width":636,"height":321},{"@type":"BreadcrumbList","@id":"https:\/\/www.nutricion.edu.uy\/?p=11402#breadcrumb","itemListElement":[{"@type":"ListItem","position":1,"name":"Portada","item":"https:\/\/www.nutricion.edu.uy\/"},{"@type":"ListItem","position":2,"name":"Estudiantes en situaci\u00f3n de \u00bbinscripci\u00f3n Provisoria\u00bb"}]},{"@type":"WebSite","@id":"https:\/\/www.nutricion.edu.uy\/#website","url":"https:\/\/www.nutricion.edu.uy\/","name":"Escuela de Nutrici\u00f3n","description":"Universidad de la Rep\u00fablica","publisher":{"@id":"https:\/\/www.nutricion.edu.uy\/#organization"},"potentialAction":[{"@type":"SearchAction","target":{"@type":"EntryPoint","urlTemplate":"https:\/\/www.nutricion.edu.uy\/?s={search_term_string}"},"query-input":{"@type":"PropertyValueSpecification","valueRequired":true,"valueName":"search_term_string"}}],"inLanguage":"es"},{"@type":"Organization","@id":"https:\/\/www.nutricion.edu.uy\/#organization","name":"Escuela de Nutrici\u00f3n Udelar","url":"https:\/\/www.nutricion.edu.uy\/","logo":{"@type":"ImageObject","inLanguage":"es","@id":"https:\/\/www.nutricion.edu.uy\/#\/schema\/logo\/image\/","url":"https:\/\/www.nutricion.edu.uy\/wp-content\/uploads\/2018\/01\/logo_escuela.png","contentUrl":"https:\/\/www.nutricion.edu.uy\/wp-content\/uploads\/2018\/01\/logo_escuela.png","width":257,"height":70,"caption":"Escuela de Nutrici\u00f3n Udelar"},"image":{"@id":"https:\/\/www.nutricion.edu.uy\/#\/schema\/logo\/image\/"}},{"@type":"Person","@id":"https:\/\/www.nutricion.edu.uy\/#\/schema\/person\/36975b5d18240838a914c2596eb5574b","name":"Sof\u00eda Remedi","url":"https:\/\/www.nutricion.edu.uy\/?author=50"}]}},"_links":{"self":[{"href":"https:\/\/www.nutricion.edu.uy\/index.php?rest_route=\/wp\/v2\/posts\/11402","targetHints":{"allow":["GET"]}}],"collection":[{"href":"https:\/\/www.nutricion.edu.uy\/index.php?rest_route=\/wp\/v2\/posts"}],"about":[{"href":"https:\/\/www.nutricion.edu.uy\/index.php?rest_route=\/wp\/v2\/types\/post"}],"author":[{"embeddable":true,"href":"https:\/\/www.nutricion.edu.uy\/index.php?rest_route=\/wp\/v2\/users\/50"}],"replies":[{"embeddable":true,"href":"https:\/\/www.nutricion.edu.uy\/index.php?rest_route=%2Fwp%2Fv2%2Fcomments&post=11402"}],"version-history":[{"count":1,"href":"https:\/\/www.nutricion.edu.uy\/index.php?rest_route=\/wp\/v2\/posts\/11402\/revisions"}],"predecessor-version":[{"id":11403,"href":"https:\/\/www.nutricion.edu.uy\/index.php?rest_route=\/wp\/v2\/posts\/11402\/revisions\/11403"}],"wp:featuredmedia":[{"embeddable":true,"href":"https:\/\/www.nutricion.edu.uy\/index.php?rest_route=\/wp\/v2\/media\/10897"}],"wp:attachment":[{"href":"https:\/\/www.nutricion.edu.uy\/index.php?rest_route=%2Fwp%2Fv2%2Fmedia&parent=11402"}],"wp:term":[{"taxonomy":"category","embeddable":true,"href":"https:\/\/www.nutricion.edu.uy\/index.php?rest_route=%2Fwp%2Fv2%2Fcategories&post=11402"},{"taxonomy":"post_tag","embeddable":true,"href":"https:\/\/www.nutricion.edu.uy\/index.php?rest_route=%2Fwp%2Fv2%2Ftags&post=11402"}],"curies":[{"name":"wp","href":"https:\/\/api.w.org\/{rel}","templated":true}]}}