{"id":14288,"date":"2025-10-24T10:27:21","date_gmt":"2025-10-24T13:27:21","guid":{"rendered":"https:\/\/www.nutricion.edu.uy\/?p=14288"},"modified":"2025-11-04T11:17:04","modified_gmt":"2025-11-04T14:17:04","slug":"jornada-abierta-ela","status":"publish","type":"post","link":"https:\/\/www.nutricion.edu.uy\/?p=14288","title":{"rendered":"Jornada Abierta: ELA"},"content":{"rendered":"\n<p>Se realiz\u00f3 la  J.A. online sobre la Esclerosis Lateral Amiotr\u00f3fica (ELA) en Uruguay: experiencia del CELAU y rol del abordaje nutricional<\/p>\n\n\n\n<figure class=\"wp-block-image size-large\"><img fetchpriority=\"high\" decoding=\"async\" width=\"819\" height=\"1024\" src=\"https:\/\/www.nutricion.edu.uy\/wp-content\/uploads\/2025\/10\/diseno-web-JornadaELA-819x1024.jpg\" alt=\"\" class=\"wp-image-14289\" srcset=\"https:\/\/www.nutricion.edu.uy\/wp-content\/uploads\/2025\/10\/diseno-web-JornadaELA-819x1024.jpg 819w, https:\/\/www.nutricion.edu.uy\/wp-content\/uploads\/2025\/10\/diseno-web-JornadaELA-240x300.jpg 240w, https:\/\/www.nutricion.edu.uy\/wp-content\/uploads\/2025\/10\/diseno-web-JornadaELA-768x960.jpg 768w, https:\/\/www.nutricion.edu.uy\/wp-content\/uploads\/2025\/10\/diseno-web-JornadaELA.jpg 1080w\" sizes=\"(max-width: 819px) 100vw, 819px\" \/><\/figure>\n\n\n\n<p>Exponen: <\/p>\n\n\n\n<p><strong>Mag. Nut. Prof. Adj. Natalia La Rocca, U.A Dpto. de Nutrici\u00f3n Cl\u00ednica (Escuela de Nutrici\u00f3n), Prof. Adj. Dpto. Salud en el adulto y anciano (Facultad de Enfermer\u00eda), Integrante de CELAU<\/strong><\/p>\n\n\n\n<p><strong>MD, PhD. Prof. Adj. Dra. Laura Mart\u00ednez Palma, U.A de Histolog\u00eda y Embriolog\u00eda (Fac. de Medicina, Udelar. Integrante de CELAU.<\/strong><\/p>\n\n\n\n<p><strong>Mir\u00e1 el registro de la instancia, aqu\u00ed: <\/strong><\/p>\n\n\n\n<figure class=\"wp-block-embed aligncenter is-type-video is-provider-vimeo wp-block-embed-vimeo\"><div class=\"wp-block-embed__wrapper\">\n<iframe src=\"https:\/\/player.vimeo.com\/video\/1133441950?h=cbcfab2a7c&amp;dnt=1&amp;app_id=122963\" width=\"640\" height=\"400\" frameborder=\"0\" allow=\"autoplay; fullscreen; picture-in-picture; clipboard-write; encrypted-media; web-share\" referrerpolicy=\"strict-origin-when-cross-origin\"><\/iframe>\n<\/div><\/figure>\n\n\n\n<p><\/p>\n","protected":false},"excerpt":{"rendered":"<p>Se realiz\u00f3 la J.A. online sobre la Esclerosis Lateral Amiotr\u00f3fica (ELA) en Uruguay: experiencia del CELAU y rol del abordaje nutricional Exponen: Mag. Nut. Prof. Adj. Natalia La Rocca, U.A Dpto. de Nutrici\u00f3n Cl\u00ednica (Escuela de Nutrici\u00f3n), Prof. Adj. Dpto. Salud en el adulto y anciano (Facultad de Enfermer\u00eda), Integrante de CELAU MD, PhD. Prof.&hellip;<\/p>\n","protected":false},"author":50,"featured_media":11430,"comment_status":"closed","ping_status":"closed","sticky":false,"template":"","format":"standard","meta":{"footnotes":""},"categories":[49,24,14],"tags":[],"class_list":["post-14288","post","type-post","status-publish","format-standard","has-post-thumbnail","hentry","category-destacada","category-educacion-permanente","category-nutricion-clinica"],"yoast_head":"<!-- This site is optimized with the Yoast SEO plugin v24.9 - https:\/\/yoast.com\/wordpress\/plugins\/seo\/ -->\n<title>Jornada Abierta: ELA - Escuela de Nutrici\u00f3n<\/title>\n<meta name=\"robots\" content=\"index, follow, max-snippet:-1, max-image-preview:large, max-video-preview:-1\" \/>\n<link rel=\"canonical\" href=\"https:\/\/www.nutricion.edu.uy\/?p=14288\" \/>\n<meta property=\"og:locale\" content=\"es_ES\" \/>\n<meta property=\"og:type\" content=\"article\" \/>\n<meta property=\"og:title\" content=\"Jornada Abierta: ELA - Escuela de Nutrici\u00f3n\" \/>\n<meta property=\"og:description\" content=\"Se realiz\u00f3 la J.A. online sobre la Esclerosis Lateral Amiotr\u00f3fica (ELA) en Uruguay: experiencia del CELAU y rol del abordaje nutricional Exponen: Mag. Nut. Prof. Adj. Natalia La Rocca, U.A Dpto. de Nutrici\u00f3n Cl\u00ednica (Escuela de Nutrici\u00f3n), Prof. Adj. Dpto. Salud en el adulto y anciano (Facultad de Enfermer\u00eda), Integrante de CELAU MD, PhD. Prof.&hellip;\" \/>\n<meta property=\"og:url\" content=\"https:\/\/www.nutricion.edu.uy\/?p=14288\" \/>\n<meta property=\"og:site_name\" content=\"Escuela de Nutrici\u00f3n\" \/>\n<meta property=\"article:published_time\" content=\"2025-10-24T13:27:21+00:00\" \/>\n<meta property=\"article:modified_time\" content=\"2025-11-04T14:17:04+00:00\" \/>\n<meta property=\"og:image\" content=\"https:\/\/www.nutricion.edu.uy\/wp-content\/uploads\/2024\/04\/JORNADA-ABIERTA.jpg\" \/>\n\t<meta property=\"og:image:width\" content=\"636\" \/>\n\t<meta property=\"og:image:height\" content=\"321\" \/>\n\t<meta property=\"og:image:type\" content=\"image\/jpeg\" \/>\n<meta name=\"author\" content=\"Sof\u00eda Remedi\" \/>\n<meta name=\"twitter:card\" content=\"summary_large_image\" \/>\n<meta name=\"twitter:label1\" content=\"Escrito por\" \/>\n\t<meta name=\"twitter:data1\" content=\"Sof\u00eda Remedi\" \/>\n\t<meta name=\"twitter:label2\" content=\"Tiempo de lectura\" \/>\n\t<meta name=\"twitter:data2\" content=\"1 minuto\" \/>\n<script type=\"application\/ld+json\" class=\"yoast-schema-graph\">{\"@context\":\"https:\/\/schema.org\",\"@graph\":[{\"@type\":\"Article\",\"@id\":\"https:\/\/www.nutricion.edu.uy\/?p=14288#article\",\"isPartOf\":{\"@id\":\"https:\/\/www.nutricion.edu.uy\/?p=14288\"},\"author\":{\"name\":\"Sof\u00eda Remedi\",\"@id\":\"https:\/\/www.nutricion.edu.uy\/#\/schema\/person\/36975b5d18240838a914c2596eb5574b\"},\"headline\":\"Jornada Abierta: ELA\",\"datePublished\":\"2025-10-24T13:27:21+00:00\",\"dateModified\":\"2025-11-04T14:17:04+00:00\",\"mainEntityOfPage\":{\"@id\":\"https:\/\/www.nutricion.edu.uy\/?p=14288\"},\"wordCount\":107,\"publisher\":{\"@id\":\"https:\/\/www.nutricion.edu.uy\/#organization\"},\"image\":{\"@id\":\"https:\/\/www.nutricion.edu.uy\/?p=14288#primaryimage\"},\"thumbnailUrl\":\"https:\/\/www.nutricion.edu.uy\/wp-content\/uploads\/2024\/04\/JORNADA-ABIERTA.jpg\",\"articleSection\":[\"Destacada\",\"Educaci\u00f3n Permanente\",\"Nutrici\u00f3n Cl\u00ednica\"],\"inLanguage\":\"es\"},{\"@type\":\"WebPage\",\"@id\":\"https:\/\/www.nutricion.edu.uy\/?p=14288\",\"url\":\"https:\/\/www.nutricion.edu.uy\/?p=14288\",\"name\":\"Jornada Abierta: ELA - Escuela de Nutrici\u00f3n\",\"isPartOf\":{\"@id\":\"https:\/\/www.nutricion.edu.uy\/#website\"},\"primaryImageOfPage\":{\"@id\":\"https:\/\/www.nutricion.edu.uy\/?p=14288#primaryimage\"},\"image\":{\"@id\":\"https:\/\/www.nutricion.edu.uy\/?p=14288#primaryimage\"},\"thumbnailUrl\":\"https:\/\/www.nutricion.edu.uy\/wp-content\/uploads\/2024\/04\/JORNADA-ABIERTA.jpg\",\"datePublished\":\"2025-10-24T13:27:21+00:00\",\"dateModified\":\"2025-11-04T14:17:04+00:00\",\"breadcrumb\":{\"@id\":\"https:\/\/www.nutricion.edu.uy\/?p=14288#breadcrumb\"},\"inLanguage\":\"es\",\"potentialAction\":[{\"@type\":\"ReadAction\",\"target\":[\"https:\/\/www.nutricion.edu.uy\/?p=14288\"]}]},{\"@type\":\"ImageObject\",\"inLanguage\":\"es\",\"@id\":\"https:\/\/www.nutricion.edu.uy\/?p=14288#primaryimage\",\"url\":\"https:\/\/www.nutricion.edu.uy\/wp-content\/uploads\/2024\/04\/JORNADA-ABIERTA.jpg\",\"contentUrl\":\"https:\/\/www.nutricion.edu.uy\/wp-content\/uploads\/2024\/04\/JORNADA-ABIERTA.jpg\",\"width\":636,\"height\":321,\"caption\":\"xr:d:DAGChCb4_-Q:3,j:7408846369358000078,t:24041520\"},{\"@type\":\"BreadcrumbList\",\"@id\":\"https:\/\/www.nutricion.edu.uy\/?p=14288#breadcrumb\",\"itemListElement\":[{\"@type\":\"ListItem\",\"position\":1,\"name\":\"Portada\",\"item\":\"https:\/\/www.nutricion.edu.uy\/\"},{\"@type\":\"ListItem\",\"position\":2,\"name\":\"Jornada Abierta: ELA\"}]},{\"@type\":\"WebSite\",\"@id\":\"https:\/\/www.nutricion.edu.uy\/#website\",\"url\":\"https:\/\/www.nutricion.edu.uy\/\",\"name\":\"Escuela de Nutrici\u00f3n\",\"description\":\"Universidad de la Rep\u00fablica\",\"publisher\":{\"@id\":\"https:\/\/www.nutricion.edu.uy\/#organization\"},\"potentialAction\":[{\"@type\":\"SearchAction\",\"target\":{\"@type\":\"EntryPoint\",\"urlTemplate\":\"https:\/\/www.nutricion.edu.uy\/?s={search_term_string}\"},\"query-input\":{\"@type\":\"PropertyValueSpecification\",\"valueRequired\":true,\"valueName\":\"search_term_string\"}}],\"inLanguage\":\"es\"},{\"@type\":\"Organization\",\"@id\":\"https:\/\/www.nutricion.edu.uy\/#organization\",\"name\":\"Escuela de Nutrici\u00f3n Udelar\",\"url\":\"https:\/\/www.nutricion.edu.uy\/\",\"logo\":{\"@type\":\"ImageObject\",\"inLanguage\":\"es\",\"@id\":\"https:\/\/www.nutricion.edu.uy\/#\/schema\/logo\/image\/\",\"url\":\"https:\/\/www.nutricion.edu.uy\/wp-content\/uploads\/2018\/01\/logo_escuela.png\",\"contentUrl\":\"https:\/\/www.nutricion.edu.uy\/wp-content\/uploads\/2018\/01\/logo_escuela.png\",\"width\":257,\"height\":70,\"caption\":\"Escuela de Nutrici\u00f3n Udelar\"},\"image\":{\"@id\":\"https:\/\/www.nutricion.edu.uy\/#\/schema\/logo\/image\/\"}},{\"@type\":\"Person\",\"@id\":\"https:\/\/www.nutricion.edu.uy\/#\/schema\/person\/36975b5d18240838a914c2596eb5574b\",\"name\":\"Sof\u00eda Remedi\",\"url\":\"https:\/\/www.nutricion.edu.uy\/?author=50\"}]}<\/script>\n<!-- \/ Yoast SEO plugin. -->","yoast_head_json":{"title":"Jornada Abierta: ELA - Escuela de Nutrici\u00f3n","robots":{"index":"index","follow":"follow","max-snippet":"max-snippet:-1","max-image-preview":"max-image-preview:large","max-video-preview":"max-video-preview:-1"},"canonical":"https:\/\/www.nutricion.edu.uy\/?p=14288","og_locale":"es_ES","og_type":"article","og_title":"Jornada Abierta: ELA - Escuela de Nutrici\u00f3n","og_description":"Se realiz\u00f3 la J.A. online sobre la Esclerosis Lateral Amiotr\u00f3fica (ELA) en Uruguay: experiencia del CELAU y rol del abordaje nutricional Exponen: Mag. Nut. Prof. Adj. Natalia La Rocca, U.A Dpto. de Nutrici\u00f3n Cl\u00ednica (Escuela de Nutrici\u00f3n), Prof. Adj. Dpto. Salud en el adulto y anciano (Facultad de Enfermer\u00eda), Integrante de CELAU MD, PhD. Prof.&hellip;","og_url":"https:\/\/www.nutricion.edu.uy\/?p=14288","og_site_name":"Escuela de Nutrici\u00f3n","article_published_time":"2025-10-24T13:27:21+00:00","article_modified_time":"2025-11-04T14:17:04+00:00","og_image":[{"width":636,"height":321,"url":"https:\/\/www.nutricion.edu.uy\/wp-content\/uploads\/2024\/04\/JORNADA-ABIERTA.jpg","type":"image\/jpeg"}],"author":"Sof\u00eda Remedi","twitter_card":"summary_large_image","twitter_misc":{"Escrito por":"Sof\u00eda Remedi","Tiempo de lectura":"1 minuto"},"schema":{"@context":"https:\/\/schema.org","@graph":[{"@type":"Article","@id":"https:\/\/www.nutricion.edu.uy\/?p=14288#article","isPartOf":{"@id":"https:\/\/www.nutricion.edu.uy\/?p=14288"},"author":{"name":"Sof\u00eda Remedi","@id":"https:\/\/www.nutricion.edu.uy\/#\/schema\/person\/36975b5d18240838a914c2596eb5574b"},"headline":"Jornada Abierta: ELA","datePublished":"2025-10-24T13:27:21+00:00","dateModified":"2025-11-04T14:17:04+00:00","mainEntityOfPage":{"@id":"https:\/\/www.nutricion.edu.uy\/?p=14288"},"wordCount":107,"publisher":{"@id":"https:\/\/www.nutricion.edu.uy\/#organization"},"image":{"@id":"https:\/\/www.nutricion.edu.uy\/?p=14288#primaryimage"},"thumbnailUrl":"https:\/\/www.nutricion.edu.uy\/wp-content\/uploads\/2024\/04\/JORNADA-ABIERTA.jpg","articleSection":["Destacada","Educaci\u00f3n Permanente","Nutrici\u00f3n Cl\u00ednica"],"inLanguage":"es"},{"@type":"WebPage","@id":"https:\/\/www.nutricion.edu.uy\/?p=14288","url":"https:\/\/www.nutricion.edu.uy\/?p=14288","name":"Jornada Abierta: ELA - Escuela de Nutrici\u00f3n","isPartOf":{"@id":"https:\/\/www.nutricion.edu.uy\/#website"},"primaryImageOfPage":{"@id":"https:\/\/www.nutricion.edu.uy\/?p=14288#primaryimage"},"image":{"@id":"https:\/\/www.nutricion.edu.uy\/?p=14288#primaryimage"},"thumbnailUrl":"https:\/\/www.nutricion.edu.uy\/wp-content\/uploads\/2024\/04\/JORNADA-ABIERTA.jpg","datePublished":"2025-10-24T13:27:21+00:00","dateModified":"2025-11-04T14:17:04+00:00","breadcrumb":{"@id":"https:\/\/www.nutricion.edu.uy\/?p=14288#breadcrumb"},"inLanguage":"es","potentialAction":[{"@type":"ReadAction","target":["https:\/\/www.nutricion.edu.uy\/?p=14288"]}]},{"@type":"ImageObject","inLanguage":"es","@id":"https:\/\/www.nutricion.edu.uy\/?p=14288#primaryimage","url":"https:\/\/www.nutricion.edu.uy\/wp-content\/uploads\/2024\/04\/JORNADA-ABIERTA.jpg","contentUrl":"https:\/\/www.nutricion.edu.uy\/wp-content\/uploads\/2024\/04\/JORNADA-ABIERTA.jpg","width":636,"height":321,"caption":"xr:d:DAGChCb4_-Q:3,j:7408846369358000078,t:24041520"},{"@type":"BreadcrumbList","@id":"https:\/\/www.nutricion.edu.uy\/?p=14288#breadcrumb","itemListElement":[{"@type":"ListItem","position":1,"name":"Portada","item":"https:\/\/www.nutricion.edu.uy\/"},{"@type":"ListItem","position":2,"name":"Jornada Abierta: ELA"}]},{"@type":"WebSite","@id":"https:\/\/www.nutricion.edu.uy\/#website","url":"https:\/\/www.nutricion.edu.uy\/","name":"Escuela de Nutrici\u00f3n","description":"Universidad de la Rep\u00fablica","publisher":{"@id":"https:\/\/www.nutricion.edu.uy\/#organization"},"potentialAction":[{"@type":"SearchAction","target":{"@type":"EntryPoint","urlTemplate":"https:\/\/www.nutricion.edu.uy\/?s={search_term_string}"},"query-input":{"@type":"PropertyValueSpecification","valueRequired":true,"valueName":"search_term_string"}}],"inLanguage":"es"},{"@type":"Organization","@id":"https:\/\/www.nutricion.edu.uy\/#organization","name":"Escuela de Nutrici\u00f3n Udelar","url":"https:\/\/www.nutricion.edu.uy\/","logo":{"@type":"ImageObject","inLanguage":"es","@id":"https:\/\/www.nutricion.edu.uy\/#\/schema\/logo\/image\/","url":"https:\/\/www.nutricion.edu.uy\/wp-content\/uploads\/2018\/01\/logo_escuela.png","contentUrl":"https:\/\/www.nutricion.edu.uy\/wp-content\/uploads\/2018\/01\/logo_escuela.png","width":257,"height":70,"caption":"Escuela de Nutrici\u00f3n Udelar"},"image":{"@id":"https:\/\/www.nutricion.edu.uy\/#\/schema\/logo\/image\/"}},{"@type":"Person","@id":"https:\/\/www.nutricion.edu.uy\/#\/schema\/person\/36975b5d18240838a914c2596eb5574b","name":"Sof\u00eda Remedi","url":"https:\/\/www.nutricion.edu.uy\/?author=50"}]}},"_links":{"self":[{"href":"https:\/\/www.nutricion.edu.uy\/index.php?rest_route=\/wp\/v2\/posts\/14288","targetHints":{"allow":["GET"]}}],"collection":[{"href":"https:\/\/www.nutricion.edu.uy\/index.php?rest_route=\/wp\/v2\/posts"}],"about":[{"href":"https:\/\/www.nutricion.edu.uy\/index.php?rest_route=\/wp\/v2\/types\/post"}],"author":[{"embeddable":true,"href":"https:\/\/www.nutricion.edu.uy\/index.php?rest_route=\/wp\/v2\/users\/50"}],"replies":[{"embeddable":true,"href":"https:\/\/www.nutricion.edu.uy\/index.php?rest_route=%2Fwp%2Fv2%2Fcomments&post=14288"}],"version-history":[{"count":3,"href":"https:\/\/www.nutricion.edu.uy\/index.php?rest_route=\/wp\/v2\/posts\/14288\/revisions"}],"predecessor-version":[{"id":14320,"href":"https:\/\/www.nutricion.edu.uy\/index.php?rest_route=\/wp\/v2\/posts\/14288\/revisions\/14320"}],"wp:featuredmedia":[{"embeddable":true,"href":"https:\/\/www.nutricion.edu.uy\/index.php?rest_route=\/wp\/v2\/media\/11430"}],"wp:attachment":[{"href":"https:\/\/www.nutricion.edu.uy\/index.php?rest_route=%2Fwp%2Fv2%2Fmedia&parent=14288"}],"wp:term":[{"taxonomy":"category","embeddable":true,"href":"https:\/\/www.nutricion.edu.uy\/index.php?rest_route=%2Fwp%2Fv2%2Fcategories&post=14288"},{"taxonomy":"post_tag","embeddable":true,"href":"https:\/\/www.nutricion.edu.uy\/index.php?rest_route=%2Fwp%2Fv2%2Ftags&post=14288"}],"curies":[{"name":"wp","href":"https:\/\/api.w.org\/{rel}","templated":true}]}}