{"id":14292,"date":"2025-10-26T18:16:58","date_gmt":"2025-10-26T21:16:58","guid":{"rendered":"https:\/\/www.nutricion.edu.uy\/?p=14292"},"modified":"2025-11-05T10:08:32","modified_gmt":"2025-11-05T13:08:32","slug":"jornada-de-cierre-del-ciclo-de-celebraciones-80-anos-carrera","status":"publish","type":"post","link":"https:\/\/www.nutricion.edu.uy\/?p=14292","title":{"rendered":"Jornada de cierre del Ciclo de Celebraciones 80 a\u00f1os carrera"},"content":{"rendered":"\n<p>Los invitamos a participar de la \u00faltima instancia de celebraci\u00f3n por los 80 a\u00f1os de la carrera. <\/p>\n\n\n\n<p><strong>Fecha y horario:<\/strong> jueves 6 de noviembre de 16:00 a 20:00 hs. | <strong>Lugar:<\/strong> Aula Magna &#8211; Edificio Polivalente Parque Batlle.<\/p>\n\n\n\n<p><\/p>\n\n\n\n<p>Objetivo: Cierre de las conmemoraciones de los 80 a\u00f1os, enfatizando en el reconocimiento a la comunidad de la Escuela de Nutrici\u00f3n.<\/p>\n\n\n\n<p><\/p>\n\n\n\n<p><strong>Programaci\u00f3n:<\/strong><\/p>\n\n\n\n<p><strong>16:00 a 16:15 hs.- Inauguraci\u00f3n y palabras de bienvenida, <\/strong>a cargo de:<\/p>\n\n\n\n<p>Sr. Rector de la Universidad de la Rep\u00fablica Prof. H\u00e9ctor Cancela.<\/p>\n\n\n\n<p>Sra. Directora de la Escuela de Nutrici\u00f3n Prof. Myriam De Le\u00f3n Rodr\u00edguez.<\/p>\n\n\n\n<p><\/p>\n\n\n\n<p><strong>16:15 a 17:00 hs.- S\u00edntesis de las diferentes jornadas desarrolladas en el correr del a\u00f1o, <\/strong>a cargo de responsables de cada eje:<\/p>\n\n\n\n<p>Prof. Claudia Su\u00e1rez (Memoria Hist\u00f3rica)<\/p>\n\n\n\n<p>Prof. Marcela Guerendiain (Eje investigaci\u00f3n)<\/p>\n\n\n\n<p>Prof. Agda. Raquel Palumbo (Eje ense\u00f1anza)<\/p>\n\n\n\n<p>Prof. Agdo. Pablo Pereira (Eje extensi\u00f3n)<\/p>\n\n\n\n<p><\/p>\n\n\n\n<p><strong>17: 00 a 19:00 hs.- <\/strong><\/p>\n\n\n\n<ul class=\"wp-block-list\">\n<li>Reconocimiento a ex Directoras de la EN<\/li>\n\n\n\n<li>Reconocimiento a la trayectoria de funcionarias de la EN<\/li>\n\n\n\n<li>Inauguraci\u00f3n de Espacio de Memoria de la EN<\/li>\n<\/ul>\n\n\n\n<p><\/p>\n\n\n\n<p><strong>19:00 a 19:15 hs.- Cierre<strong>,<\/strong><\/strong> a cargo de Prof. Myriam De Le\u00f3n Rodr\u00edguez.<\/p>\n\n\n\n<p><strong>19:15 a 20:00 hs.- Brindis y espect\u00e1culo art\u00edstico.<\/strong><\/p>\n\n\n\n<p>Sugerimos traer un recipiente personal, no descartable, para el momento del brindis.<\/p>\n\n\n\n<p><\/p>\n","protected":false},"excerpt":{"rendered":"<p>Los invitamos a participar de la \u00faltima instancia de celebraci\u00f3n por los 80 a\u00f1os de la carrera. Fecha y horario: jueves 6 de noviembre de 16:00 a 20:00 hs. | Lugar: Aula Magna &#8211; Edificio Polivalente Parque Batlle. Objetivo: Cierre de las conmemoraciones de los 80 a\u00f1os, enfatizando en el reconocimiento a la comunidad de&hellip;<\/p>\n","protected":false},"author":51,"featured_media":14306,"comment_status":"closed","ping_status":"closed","sticky":false,"template":"","format":"standard","meta":{"footnotes":""},"categories":[49,11],"tags":[],"class_list":["post-14292","post","type-post","status-publish","format-standard","has-post-thumbnail","hentry","category-destacada","category-inicio"],"yoast_head":"<!-- This site is optimized with the Yoast SEO plugin v24.9 - https:\/\/yoast.com\/wordpress\/plugins\/seo\/ -->\n<title>Jornada de cierre del Ciclo de Celebraciones 80 a\u00f1os carrera - Escuela de Nutrici\u00f3n<\/title>\n<meta name=\"robots\" content=\"index, follow, max-snippet:-1, max-image-preview:large, max-video-preview:-1\" \/>\n<link rel=\"canonical\" href=\"https:\/\/www.nutricion.edu.uy\/?p=14292\" \/>\n<meta property=\"og:locale\" content=\"es_ES\" \/>\n<meta property=\"og:type\" content=\"article\" \/>\n<meta property=\"og:title\" content=\"Jornada de cierre del Ciclo de Celebraciones 80 a\u00f1os carrera - Escuela de Nutrici\u00f3n\" \/>\n<meta property=\"og:description\" content=\"Los invitamos a participar de la \u00faltima instancia de celebraci\u00f3n por los 80 a\u00f1os de la carrera. Fecha y horario: jueves 6 de noviembre de 16:00 a 20:00 hs. | Lugar: Aula Magna &#8211; Edificio Polivalente Parque Batlle. Objetivo: Cierre de las conmemoraciones de los 80 a\u00f1os, enfatizando en el reconocimiento a la comunidad de&hellip;\" \/>\n<meta property=\"og:url\" content=\"https:\/\/www.nutricion.edu.uy\/?p=14292\" \/>\n<meta property=\"og:site_name\" content=\"Escuela de Nutrici\u00f3n\" \/>\n<meta property=\"article:published_time\" content=\"2025-10-26T21:16:58+00:00\" \/>\n<meta property=\"article:modified_time\" content=\"2025-11-05T13:08:32+00:00\" \/>\n<meta property=\"og:image\" content=\"https:\/\/www.nutricion.edu.uy\/wp-content\/uploads\/2025\/10\/poryada-noticia-cierre-celebra.jpg\" \/>\n\t<meta property=\"og:image:width\" content=\"636\" \/>\n\t<meta property=\"og:image:height\" content=\"321\" \/>\n\t<meta property=\"og:image:type\" content=\"image\/jpeg\" \/>\n<meta name=\"author\" content=\"Natalia Hetery Correa Gonz\u00e1lez\" \/>\n<meta name=\"twitter:card\" content=\"summary_large_image\" \/>\n<meta name=\"twitter:label1\" content=\"Escrito por\" \/>\n\t<meta name=\"twitter:data1\" content=\"Natalia Hetery Correa Gonz\u00e1lez\" \/>\n\t<meta name=\"twitter:label2\" content=\"Tiempo de lectura\" \/>\n\t<meta name=\"twitter:data2\" content=\"2 minutos\" \/>\n<script type=\"application\/ld+json\" class=\"yoast-schema-graph\">{\"@context\":\"https:\/\/schema.org\",\"@graph\":[{\"@type\":\"Article\",\"@id\":\"https:\/\/www.nutricion.edu.uy\/?p=14292#article\",\"isPartOf\":{\"@id\":\"https:\/\/www.nutricion.edu.uy\/?p=14292\"},\"author\":{\"name\":\"Natalia Hetery Correa Gonz\u00e1lez\",\"@id\":\"https:\/\/www.nutricion.edu.uy\/#\/schema\/person\/6e35614645ed9277042aafc9ff553735\"},\"headline\":\"Jornada de cierre del Ciclo de Celebraciones 80 a\u00f1os carrera\",\"datePublished\":\"2025-10-26T21:16:58+00:00\",\"dateModified\":\"2025-11-05T13:08:32+00:00\",\"mainEntityOfPage\":{\"@id\":\"https:\/\/www.nutricion.edu.uy\/?p=14292\"},\"wordCount\":222,\"publisher\":{\"@id\":\"https:\/\/www.nutricion.edu.uy\/#organization\"},\"image\":{\"@id\":\"https:\/\/www.nutricion.edu.uy\/?p=14292#primaryimage\"},\"thumbnailUrl\":\"https:\/\/www.nutricion.edu.uy\/wp-content\/uploads\/2025\/10\/poryada-noticia-cierre-celebra.jpg\",\"articleSection\":[\"Destacada\",\"Inicio\"],\"inLanguage\":\"es\"},{\"@type\":\"WebPage\",\"@id\":\"https:\/\/www.nutricion.edu.uy\/?p=14292\",\"url\":\"https:\/\/www.nutricion.edu.uy\/?p=14292\",\"name\":\"Jornada de cierre del Ciclo de Celebraciones 80 a\u00f1os carrera - Escuela de Nutrici\u00f3n\",\"isPartOf\":{\"@id\":\"https:\/\/www.nutricion.edu.uy\/#website\"},\"primaryImageOfPage\":{\"@id\":\"https:\/\/www.nutricion.edu.uy\/?p=14292#primaryimage\"},\"image\":{\"@id\":\"https:\/\/www.nutricion.edu.uy\/?p=14292#primaryimage\"},\"thumbnailUrl\":\"https:\/\/www.nutricion.edu.uy\/wp-content\/uploads\/2025\/10\/poryada-noticia-cierre-celebra.jpg\",\"datePublished\":\"2025-10-26T21:16:58+00:00\",\"dateModified\":\"2025-11-05T13:08:32+00:00\",\"breadcrumb\":{\"@id\":\"https:\/\/www.nutricion.edu.uy\/?p=14292#breadcrumb\"},\"inLanguage\":\"es\",\"potentialAction\":[{\"@type\":\"ReadAction\",\"target\":[\"https:\/\/www.nutricion.edu.uy\/?p=14292\"]}]},{\"@type\":\"ImageObject\",\"inLanguage\":\"es\",\"@id\":\"https:\/\/www.nutricion.edu.uy\/?p=14292#primaryimage\",\"url\":\"https:\/\/www.nutricion.edu.uy\/wp-content\/uploads\/2025\/10\/poryada-noticia-cierre-celebra.jpg\",\"contentUrl\":\"https:\/\/www.nutricion.edu.uy\/wp-content\/uploads\/2025\/10\/poryada-noticia-cierre-celebra.jpg\",\"width\":636,\"height\":321},{\"@type\":\"BreadcrumbList\",\"@id\":\"https:\/\/www.nutricion.edu.uy\/?p=14292#breadcrumb\",\"itemListElement\":[{\"@type\":\"ListItem\",\"position\":1,\"name\":\"Portada\",\"item\":\"https:\/\/www.nutricion.edu.uy\/\"},{\"@type\":\"ListItem\",\"position\":2,\"name\":\"Jornada de cierre del Ciclo de Celebraciones 80 a\u00f1os carrera\"}]},{\"@type\":\"WebSite\",\"@id\":\"https:\/\/www.nutricion.edu.uy\/#website\",\"url\":\"https:\/\/www.nutricion.edu.uy\/\",\"name\":\"Escuela de Nutrici\u00f3n\",\"description\":\"Universidad de la Rep\u00fablica\",\"publisher\":{\"@id\":\"https:\/\/www.nutricion.edu.uy\/#organization\"},\"potentialAction\":[{\"@type\":\"SearchAction\",\"target\":{\"@type\":\"EntryPoint\",\"urlTemplate\":\"https:\/\/www.nutricion.edu.uy\/?s={search_term_string}\"},\"query-input\":{\"@type\":\"PropertyValueSpecification\",\"valueRequired\":true,\"valueName\":\"search_term_string\"}}],\"inLanguage\":\"es\"},{\"@type\":\"Organization\",\"@id\":\"https:\/\/www.nutricion.edu.uy\/#organization\",\"name\":\"Escuela de Nutrici\u00f3n Udelar\",\"url\":\"https:\/\/www.nutricion.edu.uy\/\",\"logo\":{\"@type\":\"ImageObject\",\"inLanguage\":\"es\",\"@id\":\"https:\/\/www.nutricion.edu.uy\/#\/schema\/logo\/image\/\",\"url\":\"https:\/\/www.nutricion.edu.uy\/wp-content\/uploads\/2018\/01\/logo_escuela.png\",\"contentUrl\":\"https:\/\/www.nutricion.edu.uy\/wp-content\/uploads\/2018\/01\/logo_escuela.png\",\"width\":257,\"height\":70,\"caption\":\"Escuela de Nutrici\u00f3n Udelar\"},\"image\":{\"@id\":\"https:\/\/www.nutricion.edu.uy\/#\/schema\/logo\/image\/\"}},{\"@type\":\"Person\",\"@id\":\"https:\/\/www.nutricion.edu.uy\/#\/schema\/person\/6e35614645ed9277042aafc9ff553735\",\"name\":\"Natalia Hetery Correa Gonz\u00e1lez\",\"url\":\"https:\/\/www.nutricion.edu.uy\/?author=51\"}]}<\/script>\n<!-- \/ Yoast SEO plugin. -->","yoast_head_json":{"title":"Jornada de cierre del Ciclo de Celebraciones 80 a\u00f1os carrera - Escuela de Nutrici\u00f3n","robots":{"index":"index","follow":"follow","max-snippet":"max-snippet:-1","max-image-preview":"max-image-preview:large","max-video-preview":"max-video-preview:-1"},"canonical":"https:\/\/www.nutricion.edu.uy\/?p=14292","og_locale":"es_ES","og_type":"article","og_title":"Jornada de cierre del Ciclo de Celebraciones 80 a\u00f1os carrera - Escuela de Nutrici\u00f3n","og_description":"Los invitamos a participar de la \u00faltima instancia de celebraci\u00f3n por los 80 a\u00f1os de la carrera. Fecha y horario: jueves 6 de noviembre de 16:00 a 20:00 hs. | Lugar: Aula Magna &#8211; Edificio Polivalente Parque Batlle. Objetivo: Cierre de las conmemoraciones de los 80 a\u00f1os, enfatizando en el reconocimiento a la comunidad de&hellip;","og_url":"https:\/\/www.nutricion.edu.uy\/?p=14292","og_site_name":"Escuela de Nutrici\u00f3n","article_published_time":"2025-10-26T21:16:58+00:00","article_modified_time":"2025-11-05T13:08:32+00:00","og_image":[{"width":636,"height":321,"url":"https:\/\/www.nutricion.edu.uy\/wp-content\/uploads\/2025\/10\/poryada-noticia-cierre-celebra.jpg","type":"image\/jpeg"}],"author":"Natalia Hetery Correa Gonz\u00e1lez","twitter_card":"summary_large_image","twitter_misc":{"Escrito por":"Natalia Hetery Correa Gonz\u00e1lez","Tiempo de lectura":"2 minutos"},"schema":{"@context":"https:\/\/schema.org","@graph":[{"@type":"Article","@id":"https:\/\/www.nutricion.edu.uy\/?p=14292#article","isPartOf":{"@id":"https:\/\/www.nutricion.edu.uy\/?p=14292"},"author":{"name":"Natalia Hetery Correa Gonz\u00e1lez","@id":"https:\/\/www.nutricion.edu.uy\/#\/schema\/person\/6e35614645ed9277042aafc9ff553735"},"headline":"Jornada de cierre del Ciclo de Celebraciones 80 a\u00f1os carrera","datePublished":"2025-10-26T21:16:58+00:00","dateModified":"2025-11-05T13:08:32+00:00","mainEntityOfPage":{"@id":"https:\/\/www.nutricion.edu.uy\/?p=14292"},"wordCount":222,"publisher":{"@id":"https:\/\/www.nutricion.edu.uy\/#organization"},"image":{"@id":"https:\/\/www.nutricion.edu.uy\/?p=14292#primaryimage"},"thumbnailUrl":"https:\/\/www.nutricion.edu.uy\/wp-content\/uploads\/2025\/10\/poryada-noticia-cierre-celebra.jpg","articleSection":["Destacada","Inicio"],"inLanguage":"es"},{"@type":"WebPage","@id":"https:\/\/www.nutricion.edu.uy\/?p=14292","url":"https:\/\/www.nutricion.edu.uy\/?p=14292","name":"Jornada de cierre del Ciclo de Celebraciones 80 a\u00f1os carrera - Escuela de Nutrici\u00f3n","isPartOf":{"@id":"https:\/\/www.nutricion.edu.uy\/#website"},"primaryImageOfPage":{"@id":"https:\/\/www.nutricion.edu.uy\/?p=14292#primaryimage"},"image":{"@id":"https:\/\/www.nutricion.edu.uy\/?p=14292#primaryimage"},"thumbnailUrl":"https:\/\/www.nutricion.edu.uy\/wp-content\/uploads\/2025\/10\/poryada-noticia-cierre-celebra.jpg","datePublished":"2025-10-26T21:16:58+00:00","dateModified":"2025-11-05T13:08:32+00:00","breadcrumb":{"@id":"https:\/\/www.nutricion.edu.uy\/?p=14292#breadcrumb"},"inLanguage":"es","potentialAction":[{"@type":"ReadAction","target":["https:\/\/www.nutricion.edu.uy\/?p=14292"]}]},{"@type":"ImageObject","inLanguage":"es","@id":"https:\/\/www.nutricion.edu.uy\/?p=14292#primaryimage","url":"https:\/\/www.nutricion.edu.uy\/wp-content\/uploads\/2025\/10\/poryada-noticia-cierre-celebra.jpg","contentUrl":"https:\/\/www.nutricion.edu.uy\/wp-content\/uploads\/2025\/10\/poryada-noticia-cierre-celebra.jpg","width":636,"height":321},{"@type":"BreadcrumbList","@id":"https:\/\/www.nutricion.edu.uy\/?p=14292#breadcrumb","itemListElement":[{"@type":"ListItem","position":1,"name":"Portada","item":"https:\/\/www.nutricion.edu.uy\/"},{"@type":"ListItem","position":2,"name":"Jornada de cierre del Ciclo de Celebraciones 80 a\u00f1os carrera"}]},{"@type":"WebSite","@id":"https:\/\/www.nutricion.edu.uy\/#website","url":"https:\/\/www.nutricion.edu.uy\/","name":"Escuela de Nutrici\u00f3n","description":"Universidad de la Rep\u00fablica","publisher":{"@id":"https:\/\/www.nutricion.edu.uy\/#organization"},"potentialAction":[{"@type":"SearchAction","target":{"@type":"EntryPoint","urlTemplate":"https:\/\/www.nutricion.edu.uy\/?s={search_term_string}"},"query-input":{"@type":"PropertyValueSpecification","valueRequired":true,"valueName":"search_term_string"}}],"inLanguage":"es"},{"@type":"Organization","@id":"https:\/\/www.nutricion.edu.uy\/#organization","name":"Escuela de Nutrici\u00f3n Udelar","url":"https:\/\/www.nutricion.edu.uy\/","logo":{"@type":"ImageObject","inLanguage":"es","@id":"https:\/\/www.nutricion.edu.uy\/#\/schema\/logo\/image\/","url":"https:\/\/www.nutricion.edu.uy\/wp-content\/uploads\/2018\/01\/logo_escuela.png","contentUrl":"https:\/\/www.nutricion.edu.uy\/wp-content\/uploads\/2018\/01\/logo_escuela.png","width":257,"height":70,"caption":"Escuela de Nutrici\u00f3n Udelar"},"image":{"@id":"https:\/\/www.nutricion.edu.uy\/#\/schema\/logo\/image\/"}},{"@type":"Person","@id":"https:\/\/www.nutricion.edu.uy\/#\/schema\/person\/6e35614645ed9277042aafc9ff553735","name":"Natalia Hetery Correa Gonz\u00e1lez","url":"https:\/\/www.nutricion.edu.uy\/?author=51"}]}},"_links":{"self":[{"href":"https:\/\/www.nutricion.edu.uy\/index.php?rest_route=\/wp\/v2\/posts\/14292","targetHints":{"allow":["GET"]}}],"collection":[{"href":"https:\/\/www.nutricion.edu.uy\/index.php?rest_route=\/wp\/v2\/posts"}],"about":[{"href":"https:\/\/www.nutricion.edu.uy\/index.php?rest_route=\/wp\/v2\/types\/post"}],"author":[{"embeddable":true,"href":"https:\/\/www.nutricion.edu.uy\/index.php?rest_route=\/wp\/v2\/users\/51"}],"replies":[{"embeddable":true,"href":"https:\/\/www.nutricion.edu.uy\/index.php?rest_route=%2Fwp%2Fv2%2Fcomments&post=14292"}],"version-history":[{"count":5,"href":"https:\/\/www.nutricion.edu.uy\/index.php?rest_route=\/wp\/v2\/posts\/14292\/revisions"}],"predecessor-version":[{"id":14327,"href":"https:\/\/www.nutricion.edu.uy\/index.php?rest_route=\/wp\/v2\/posts\/14292\/revisions\/14327"}],"wp:featuredmedia":[{"embeddable":true,"href":"https:\/\/www.nutricion.edu.uy\/index.php?rest_route=\/wp\/v2\/media\/14306"}],"wp:attachment":[{"href":"https:\/\/www.nutricion.edu.uy\/index.php?rest_route=%2Fwp%2Fv2%2Fmedia&parent=14292"}],"wp:term":[{"taxonomy":"category","embeddable":true,"href":"https:\/\/www.nutricion.edu.uy\/index.php?rest_route=%2Fwp%2Fv2%2Fcategories&post=14292"},{"taxonomy":"post_tag","embeddable":true,"href":"https:\/\/www.nutricion.edu.uy\/index.php?rest_route=%2Fwp%2Fv2%2Ftags&post=14292"}],"curies":[{"name":"wp","href":"https:\/\/api.w.org\/{rel}","templated":true}]}}