{"id":14489,"date":"2025-12-18T15:27:35","date_gmt":"2025-12-18T18:27:35","guid":{"rendered":"https:\/\/www.nutricion.edu.uy\/?p=14489"},"modified":"2025-12-18T15:27:37","modified_gmt":"2025-12-18T18:27:37","slug":"calendario-de-examenes-febrero-2026","status":"publish","type":"post","link":"https:\/\/www.nutricion.edu.uy\/?p=14489","title":{"rendered":"Calendario de Examenes Febrero 2026"},"content":{"rendered":"\n<p>\u00a1Ya est\u00e1 <strong>on air<\/strong> el <strong>Calendario de Ex\u00e1menes Ordinarios de Febrero 2026<\/strong> de la Escuela de Nutrici\u00f3n! \ud83d\uddd3\ufe0f\ud83d\udcaa<\/p>\n\n\n\n<p>Ponemos a disposici\u00f3n de las y los estudiantes el calendario correspondiente a <strong>febrero<\/strong>, que incluye ex\u00e1menes de <strong>todos los planes de estudio (Plan 98, Plan 98 en 2014 y Plan 2014)<\/strong>.<\/p>\n\n\n\n<p>\ud83d\udccc <strong>Recordatorios clave para una buena gesti\u00f3n acad\u00e9mica (sin sorpresas de \u00faltimo momento):<\/strong><\/p>\n\n\n\n<ul class=\"wp-block-list\">\n<li>La <strong>inscripci\u00f3n es condicional<\/strong> y se realiza exclusivamente a trav\u00e9s de <strong>Bedel\u00eda en l\u00ednea<\/strong>.<\/li>\n\n\n\n<li>El per\u00edodo de inscripci\u00f3n va desde el <strong>5 de enero de 2026<\/strong> y hasta <strong>cinco d\u00edas h\u00e1biles antes<\/strong> de cada examen.<\/li>\n\n\n\n<li>En caso de no cumplir con los requisitos reglamentarios, las inscripciones ser\u00e1n <strong>depuradas por Bedel\u00eda<\/strong>, seg\u00fan normativa vigente.<\/li>\n\n\n\n<li>Los ex\u00e1menes se desarrollar\u00e1n entre el <strong>2 y el 27 de febrero<\/strong>, respetando equivalencias entre planes y franjas horarias establecidas.<\/li>\n<\/ul>\n\n\n\n<p>La recomendaci\u00f3n estrat\u00e9gica (modo consultor acad\u00e9mico \ud83d\ude09): <strong>revisar con tiempo<\/strong>, organizar el roadmap de estudio y alinear agendas para llegar a febrero con foco y tranquilidad.<\/p>\n\n\n\n<p>\ud83d\udcc4 El calendario completo puede consultarse a continuaci\u00f3n:<br>Calendario Feb. 2026<\/p>\n\n\n\n<p>Mucho \u00e9xito en esta etapa final. Febrero es intenso, s\u00ed\u2026 pero tambi\u00e9n es oportunidad. \ud83d\ude80\ud83d\udcda<\/p>\n\n\n\n<div class=\"wp-block-buttons is-content-justification-center is-layout-flex wp-container-core-buttons-is-layout-16018d1d wp-block-buttons-is-layout-flex\">\n<div class=\"wp-block-button is-style-fill\"><a class=\"wp-block-button__link has-black-color has-vivid-cyan-blue-background-color has-text-color has-background has-link-color has-text-align-center wp-element-button\" href=\"https:\/\/www.nutricion.edu.uy\/wp-content\/uploads\/2025\/12\/Calendario-Feb.-2026.pdf\">Descargar CALENDARIO EXAMENES FEBRERO<\/a><\/div>\n<\/div>\n\n\n\n<p><\/p>\n","protected":false},"excerpt":{"rendered":"<p>\u00a1Ya est\u00e1 on air el Calendario de Ex\u00e1menes Ordinarios de Febrero 2026 de la Escuela de Nutrici\u00f3n! \ud83d\uddd3\ufe0f\ud83d\udcaa Ponemos a disposici\u00f3n de las y los estudiantes el calendario correspondiente a febrero, que incluye ex\u00e1menes de todos los planes de estudio (Plan 98, Plan 98 en 2014 y Plan 2014). \ud83d\udccc Recordatorios clave para una buena&hellip;<\/p>\n","protected":false},"author":3,"featured_media":14129,"comment_status":"closed","ping_status":"closed","sticky":false,"template":"","format":"standard","meta":{"footnotes":""},"categories":[4,49,10,11,27],"tags":[],"class_list":["post-14489","post","type-post","status-publish","format-standard","has-post-thumbnail","hentry","category-bedelia","category-destacada","category-general","category-inicio","category-uae"],"yoast_head":"<!-- This site is optimized with the Yoast SEO plugin v24.9 - https:\/\/yoast.com\/wordpress\/plugins\/seo\/ -->\n<title>Calendario de Examenes Febrero 2026 - Escuela de Nutrici\u00f3n<\/title>\n<meta name=\"robots\" content=\"index, follow, max-snippet:-1, max-image-preview:large, max-video-preview:-1\" \/>\n<link rel=\"canonical\" href=\"https:\/\/www.nutricion.edu.uy\/?p=14489\" \/>\n<meta property=\"og:locale\" content=\"es_ES\" \/>\n<meta property=\"og:type\" content=\"article\" \/>\n<meta property=\"og:title\" content=\"Calendario de Examenes Febrero 2026 - Escuela de Nutrici\u00f3n\" \/>\n<meta property=\"og:description\" content=\"\u00a1Ya est\u00e1 on air el Calendario de Ex\u00e1menes Ordinarios de Febrero 2026 de la Escuela de Nutrici\u00f3n! \ud83d\uddd3\ufe0f\ud83d\udcaa Ponemos a disposici\u00f3n de las y los estudiantes el calendario correspondiente a febrero, que incluye ex\u00e1menes de todos los planes de estudio (Plan 98, Plan 98 en 2014 y Plan 2014). \ud83d\udccc Recordatorios clave para una buena&hellip;\" \/>\n<meta property=\"og:url\" content=\"https:\/\/www.nutricion.edu.uy\/?p=14489\" \/>\n<meta property=\"og:site_name\" content=\"Escuela de Nutrici\u00f3n\" \/>\n<meta property=\"article:published_time\" content=\"2025-12-18T18:27:35+00:00\" \/>\n<meta property=\"article:modified_time\" content=\"2025-12-18T18:27:37+00:00\" \/>\n<meta property=\"og:image\" content=\"https:\/\/www.nutricion.edu.uy\/wp-content\/uploads\/2025\/09\/portada-calendario-ex-gral-.jpg\" \/>\n\t<meta property=\"og:image:width\" content=\"639\" \/>\n\t<meta property=\"og:image:height\" content=\"330\" \/>\n\t<meta property=\"og:image:type\" content=\"image\/jpeg\" \/>\n<meta name=\"author\" content=\"Guillermo Silva\" \/>\n<meta name=\"twitter:card\" content=\"summary_large_image\" \/>\n<meta name=\"twitter:label1\" content=\"Escrito por\" \/>\n\t<meta name=\"twitter:data1\" content=\"Guillermo Silva\" \/>\n\t<meta name=\"twitter:label2\" content=\"Tiempo de lectura\" \/>\n\t<meta name=\"twitter:data2\" content=\"2 minutos\" \/>\n<script type=\"application\/ld+json\" class=\"yoast-schema-graph\">{\"@context\":\"https:\/\/schema.org\",\"@graph\":[{\"@type\":\"Article\",\"@id\":\"https:\/\/www.nutricion.edu.uy\/?p=14489#article\",\"isPartOf\":{\"@id\":\"https:\/\/www.nutricion.edu.uy\/?p=14489\"},\"author\":{\"name\":\"Guillermo Silva\",\"@id\":\"https:\/\/www.nutricion.edu.uy\/#\/schema\/person\/f0d1a85ea4c63281029038140c5ba08f\"},\"headline\":\"Calendario de Examenes Febrero 2026\",\"datePublished\":\"2025-12-18T18:27:35+00:00\",\"dateModified\":\"2025-12-18T18:27:37+00:00\",\"mainEntityOfPage\":{\"@id\":\"https:\/\/www.nutricion.edu.uy\/?p=14489\"},\"wordCount\":204,\"publisher\":{\"@id\":\"https:\/\/www.nutricion.edu.uy\/#organization\"},\"image\":{\"@id\":\"https:\/\/www.nutricion.edu.uy\/?p=14489#primaryimage\"},\"thumbnailUrl\":\"https:\/\/www.nutricion.edu.uy\/wp-content\/uploads\/2025\/09\/portada-calendario-ex-gral-.jpg\",\"articleSection\":[\"Bedelia\",\"Destacada\",\"General\",\"Inicio\",\"Unidad de Apoyo a la Ense\u00f1anza\"],\"inLanguage\":\"es\"},{\"@type\":\"WebPage\",\"@id\":\"https:\/\/www.nutricion.edu.uy\/?p=14489\",\"url\":\"https:\/\/www.nutricion.edu.uy\/?p=14489\",\"name\":\"Calendario de Examenes Febrero 2026 - Escuela de Nutrici\u00f3n\",\"isPartOf\":{\"@id\":\"https:\/\/www.nutricion.edu.uy\/#website\"},\"primaryImageOfPage\":{\"@id\":\"https:\/\/www.nutricion.edu.uy\/?p=14489#primaryimage\"},\"image\":{\"@id\":\"https:\/\/www.nutricion.edu.uy\/?p=14489#primaryimage\"},\"thumbnailUrl\":\"https:\/\/www.nutricion.edu.uy\/wp-content\/uploads\/2025\/09\/portada-calendario-ex-gral-.jpg\",\"datePublished\":\"2025-12-18T18:27:35+00:00\",\"dateModified\":\"2025-12-18T18:27:37+00:00\",\"breadcrumb\":{\"@id\":\"https:\/\/www.nutricion.edu.uy\/?p=14489#breadcrumb\"},\"inLanguage\":\"es\",\"potentialAction\":[{\"@type\":\"ReadAction\",\"target\":[\"https:\/\/www.nutricion.edu.uy\/?p=14489\"]}]},{\"@type\":\"ImageObject\",\"inLanguage\":\"es\",\"@id\":\"https:\/\/www.nutricion.edu.uy\/?p=14489#primaryimage\",\"url\":\"https:\/\/www.nutricion.edu.uy\/wp-content\/uploads\/2025\/09\/portada-calendario-ex-gral-.jpg\",\"contentUrl\":\"https:\/\/www.nutricion.edu.uy\/wp-content\/uploads\/2025\/09\/portada-calendario-ex-gral-.jpg\",\"width\":639,\"height\":330},{\"@type\":\"BreadcrumbList\",\"@id\":\"https:\/\/www.nutricion.edu.uy\/?p=14489#breadcrumb\",\"itemListElement\":[{\"@type\":\"ListItem\",\"position\":1,\"name\":\"Portada\",\"item\":\"https:\/\/www.nutricion.edu.uy\/\"},{\"@type\":\"ListItem\",\"position\":2,\"name\":\"Calendario de Examenes Febrero 2026\"}]},{\"@type\":\"WebSite\",\"@id\":\"https:\/\/www.nutricion.edu.uy\/#website\",\"url\":\"https:\/\/www.nutricion.edu.uy\/\",\"name\":\"Escuela de Nutrici\u00f3n\",\"description\":\"Universidad de la Rep\u00fablica\",\"publisher\":{\"@id\":\"https:\/\/www.nutricion.edu.uy\/#organization\"},\"potentialAction\":[{\"@type\":\"SearchAction\",\"target\":{\"@type\":\"EntryPoint\",\"urlTemplate\":\"https:\/\/www.nutricion.edu.uy\/?s={search_term_string}\"},\"query-input\":{\"@type\":\"PropertyValueSpecification\",\"valueRequired\":true,\"valueName\":\"search_term_string\"}}],\"inLanguage\":\"es\"},{\"@type\":\"Organization\",\"@id\":\"https:\/\/www.nutricion.edu.uy\/#organization\",\"name\":\"Escuela de Nutrici\u00f3n Udelar\",\"url\":\"https:\/\/www.nutricion.edu.uy\/\",\"logo\":{\"@type\":\"ImageObject\",\"inLanguage\":\"es\",\"@id\":\"https:\/\/www.nutricion.edu.uy\/#\/schema\/logo\/image\/\",\"url\":\"https:\/\/www.nutricion.edu.uy\/wp-content\/uploads\/2018\/01\/logo_escuela.png\",\"contentUrl\":\"https:\/\/www.nutricion.edu.uy\/wp-content\/uploads\/2018\/01\/logo_escuela.png\",\"width\":257,\"height\":70,\"caption\":\"Escuela de Nutrici\u00f3n Udelar\"},\"image\":{\"@id\":\"https:\/\/www.nutricion.edu.uy\/#\/schema\/logo\/image\/\"}},{\"@type\":\"Person\",\"@id\":\"https:\/\/www.nutricion.edu.uy\/#\/schema\/person\/f0d1a85ea4c63281029038140c5ba08f\",\"name\":\"Guillermo Silva\",\"url\":\"https:\/\/www.nutricion.edu.uy\/?author=3\"}]}<\/script>\n<!-- \/ Yoast SEO plugin. -->","yoast_head_json":{"title":"Calendario de Examenes Febrero 2026 - Escuela de Nutrici\u00f3n","robots":{"index":"index","follow":"follow","max-snippet":"max-snippet:-1","max-image-preview":"max-image-preview:large","max-video-preview":"max-video-preview:-1"},"canonical":"https:\/\/www.nutricion.edu.uy\/?p=14489","og_locale":"es_ES","og_type":"article","og_title":"Calendario de Examenes Febrero 2026 - Escuela de Nutrici\u00f3n","og_description":"\u00a1Ya est\u00e1 on air el Calendario de Ex\u00e1menes Ordinarios de Febrero 2026 de la Escuela de Nutrici\u00f3n! \ud83d\uddd3\ufe0f\ud83d\udcaa Ponemos a disposici\u00f3n de las y los estudiantes el calendario correspondiente a febrero, que incluye ex\u00e1menes de todos los planes de estudio (Plan 98, Plan 98 en 2014 y Plan 2014). \ud83d\udccc Recordatorios clave para una buena&hellip;","og_url":"https:\/\/www.nutricion.edu.uy\/?p=14489","og_site_name":"Escuela de Nutrici\u00f3n","article_published_time":"2025-12-18T18:27:35+00:00","article_modified_time":"2025-12-18T18:27:37+00:00","og_image":[{"width":639,"height":330,"url":"https:\/\/www.nutricion.edu.uy\/wp-content\/uploads\/2025\/09\/portada-calendario-ex-gral-.jpg","type":"image\/jpeg"}],"author":"Guillermo Silva","twitter_card":"summary_large_image","twitter_misc":{"Escrito por":"Guillermo Silva","Tiempo de lectura":"2 minutos"},"schema":{"@context":"https:\/\/schema.org","@graph":[{"@type":"Article","@id":"https:\/\/www.nutricion.edu.uy\/?p=14489#article","isPartOf":{"@id":"https:\/\/www.nutricion.edu.uy\/?p=14489"},"author":{"name":"Guillermo Silva","@id":"https:\/\/www.nutricion.edu.uy\/#\/schema\/person\/f0d1a85ea4c63281029038140c5ba08f"},"headline":"Calendario de Examenes Febrero 2026","datePublished":"2025-12-18T18:27:35+00:00","dateModified":"2025-12-18T18:27:37+00:00","mainEntityOfPage":{"@id":"https:\/\/www.nutricion.edu.uy\/?p=14489"},"wordCount":204,"publisher":{"@id":"https:\/\/www.nutricion.edu.uy\/#organization"},"image":{"@id":"https:\/\/www.nutricion.edu.uy\/?p=14489#primaryimage"},"thumbnailUrl":"https:\/\/www.nutricion.edu.uy\/wp-content\/uploads\/2025\/09\/portada-calendario-ex-gral-.jpg","articleSection":["Bedelia","Destacada","General","Inicio","Unidad de Apoyo a la Ense\u00f1anza"],"inLanguage":"es"},{"@type":"WebPage","@id":"https:\/\/www.nutricion.edu.uy\/?p=14489","url":"https:\/\/www.nutricion.edu.uy\/?p=14489","name":"Calendario de Examenes Febrero 2026 - Escuela de Nutrici\u00f3n","isPartOf":{"@id":"https:\/\/www.nutricion.edu.uy\/#website"},"primaryImageOfPage":{"@id":"https:\/\/www.nutricion.edu.uy\/?p=14489#primaryimage"},"image":{"@id":"https:\/\/www.nutricion.edu.uy\/?p=14489#primaryimage"},"thumbnailUrl":"https:\/\/www.nutricion.edu.uy\/wp-content\/uploads\/2025\/09\/portada-calendario-ex-gral-.jpg","datePublished":"2025-12-18T18:27:35+00:00","dateModified":"2025-12-18T18:27:37+00:00","breadcrumb":{"@id":"https:\/\/www.nutricion.edu.uy\/?p=14489#breadcrumb"},"inLanguage":"es","potentialAction":[{"@type":"ReadAction","target":["https:\/\/www.nutricion.edu.uy\/?p=14489"]}]},{"@type":"ImageObject","inLanguage":"es","@id":"https:\/\/www.nutricion.edu.uy\/?p=14489#primaryimage","url":"https:\/\/www.nutricion.edu.uy\/wp-content\/uploads\/2025\/09\/portada-calendario-ex-gral-.jpg","contentUrl":"https:\/\/www.nutricion.edu.uy\/wp-content\/uploads\/2025\/09\/portada-calendario-ex-gral-.jpg","width":639,"height":330},{"@type":"BreadcrumbList","@id":"https:\/\/www.nutricion.edu.uy\/?p=14489#breadcrumb","itemListElement":[{"@type":"ListItem","position":1,"name":"Portada","item":"https:\/\/www.nutricion.edu.uy\/"},{"@type":"ListItem","position":2,"name":"Calendario de Examenes Febrero 2026"}]},{"@type":"WebSite","@id":"https:\/\/www.nutricion.edu.uy\/#website","url":"https:\/\/www.nutricion.edu.uy\/","name":"Escuela de Nutrici\u00f3n","description":"Universidad de la Rep\u00fablica","publisher":{"@id":"https:\/\/www.nutricion.edu.uy\/#organization"},"potentialAction":[{"@type":"SearchAction","target":{"@type":"EntryPoint","urlTemplate":"https:\/\/www.nutricion.edu.uy\/?s={search_term_string}"},"query-input":{"@type":"PropertyValueSpecification","valueRequired":true,"valueName":"search_term_string"}}],"inLanguage":"es"},{"@type":"Organization","@id":"https:\/\/www.nutricion.edu.uy\/#organization","name":"Escuela de Nutrici\u00f3n Udelar","url":"https:\/\/www.nutricion.edu.uy\/","logo":{"@type":"ImageObject","inLanguage":"es","@id":"https:\/\/www.nutricion.edu.uy\/#\/schema\/logo\/image\/","url":"https:\/\/www.nutricion.edu.uy\/wp-content\/uploads\/2018\/01\/logo_escuela.png","contentUrl":"https:\/\/www.nutricion.edu.uy\/wp-content\/uploads\/2018\/01\/logo_escuela.png","width":257,"height":70,"caption":"Escuela de Nutrici\u00f3n Udelar"},"image":{"@id":"https:\/\/www.nutricion.edu.uy\/#\/schema\/logo\/image\/"}},{"@type":"Person","@id":"https:\/\/www.nutricion.edu.uy\/#\/schema\/person\/f0d1a85ea4c63281029038140c5ba08f","name":"Guillermo Silva","url":"https:\/\/www.nutricion.edu.uy\/?author=3"}]}},"_links":{"self":[{"href":"https:\/\/www.nutricion.edu.uy\/index.php?rest_route=\/wp\/v2\/posts\/14489","targetHints":{"allow":["GET"]}}],"collection":[{"href":"https:\/\/www.nutricion.edu.uy\/index.php?rest_route=\/wp\/v2\/posts"}],"about":[{"href":"https:\/\/www.nutricion.edu.uy\/index.php?rest_route=\/wp\/v2\/types\/post"}],"author":[{"embeddable":true,"href":"https:\/\/www.nutricion.edu.uy\/index.php?rest_route=\/wp\/v2\/users\/3"}],"replies":[{"embeddable":true,"href":"https:\/\/www.nutricion.edu.uy\/index.php?rest_route=%2Fwp%2Fv2%2Fcomments&post=14489"}],"version-history":[{"count":1,"href":"https:\/\/www.nutricion.edu.uy\/index.php?rest_route=\/wp\/v2\/posts\/14489\/revisions"}],"predecessor-version":[{"id":14491,"href":"https:\/\/www.nutricion.edu.uy\/index.php?rest_route=\/wp\/v2\/posts\/14489\/revisions\/14491"}],"wp:featuredmedia":[{"embeddable":true,"href":"https:\/\/www.nutricion.edu.uy\/index.php?rest_route=\/wp\/v2\/media\/14129"}],"wp:attachment":[{"href":"https:\/\/www.nutricion.edu.uy\/index.php?rest_route=%2Fwp%2Fv2%2Fmedia&parent=14489"}],"wp:term":[{"taxonomy":"category","embeddable":true,"href":"https:\/\/www.nutricion.edu.uy\/index.php?rest_route=%2Fwp%2Fv2%2Fcategories&post=14489"},{"taxonomy":"post_tag","embeddable":true,"href":"https:\/\/www.nutricion.edu.uy\/index.php?rest_route=%2Fwp%2Fv2%2Ftags&post=14489"}],"curies":[{"name":"wp","href":"https:\/\/api.w.org\/{rel}","templated":true}]}}