{"id":14703,"date":"2026-03-17T10:01:23","date_gmt":"2026-03-17T13:01:23","guid":{"rendered":"https:\/\/www.nutricion.edu.uy\/?p=14703"},"modified":"2026-03-17T10:01:30","modified_gmt":"2026-03-17T13:01:30","slug":"convocatoria-abierta-programa-escala-estudiantes-de-grado-augm-2-semestre-2026","status":"publish","type":"post","link":"https:\/\/www.nutricion.edu.uy\/?p=14703","title":{"rendered":"Convocatoria abierta: Programa ESCALA Estudiantes de Grado AUGM \u2013 2\u00b0 semestre 2026"},"content":{"rendered":"\n<p>La Escuela de Nutrici\u00f3n informa que se encuentra abierta la convocatoria al <strong>Programa ESCALA Estudiantes de Grado de AUGM (PEEG)<\/strong> para el <strong>segundo semestre de 2026<\/strong>.<\/p>\n\n\n\n<p>Este programa brinda la oportunidad a estudiantes de la <strong>Universidad de la Rep\u00fablica<\/strong> de cursar parte de sus estudios, durante un semestre lectivo, en una universidad integrante de la <strong>Asociaci\u00f3n de Universidades Grupo Montevideo (AUGM)<\/strong>, con reconocimiento acad\u00e9mico de los estudios realizados en la universidad de destino.<\/p>\n\n\n\n<h3 class=\"wp-block-heading\"><strong>\u00bfQui\u00e9nes pueden postularse?<\/strong><\/h3>\n\n\n\n<p>Podr\u00e1n postularse estudiantes que cumplan con los siguientes requisitos:<\/p>\n\n\n\n<ul class=\"wp-block-list\">\n<li>Estar matriculados\/as como estudiantes regulares de la Universidad de la Rep\u00fablica<\/li>\n\n\n\n<li>Tener aprobado al menos el <strong>40 % de la Licenciatura en Nutrici\u00f3n<\/strong><\/li>\n\n\n\n<li>Haber culminado el <strong>Ciclo 2<\/strong> y\/o contar con <strong>140 cr\u00e9ditos aprobados<\/strong><\/li>\n\n\n\n<li>No ocupar cargos docentes<\/li>\n<\/ul>\n\n\n\n<h3 class=\"wp-block-heading\"><strong>Universidades de destino<\/strong><\/h3>\n\n\n\n<p>Las y los postulantes deber\u00e1n seleccionar <strong>tres opciones de universidades de destino<\/strong>, indicando el <strong>orden de preferencia<\/strong>.<\/p>\n\n\n\n<h3 class=\"wp-block-heading\"><strong>Prestaciones econ\u00f3micas<\/strong><\/h3>\n\n\n\n<p>El programa contempla:<\/p>\n\n\n\n<ul class=\"wp-block-list\">\n<li>Un apoyo econ\u00f3mico por \u00fanica vez otorgado por la Universidad de la Rep\u00fablica, cuyo monto oscila entre <strong>450 y 640 USD<\/strong>, seg\u00fan la distancia entre la universidad de origen y la de destino<\/li>\n\n\n\n<li>Seguro completo de asistencia en salud, accidentes y repatriaci\u00f3n durante todo el per\u00edodo de movilidad<\/li>\n\n\n\n<li>Alojamiento y manutenci\u00f3n a cargo de la universidad de destino<\/li>\n<\/ul>\n\n\n\n<h3 class=\"wp-block-heading\"><strong>Documentaci\u00f3n a presentar<\/strong><\/h3>\n\n\n\n<p>Las personas interesadas deber\u00e1n enviar al correo <strong><a>movilidad.estudiantil@nutricion.edu.uy<\/a><\/strong> la siguiente documentaci\u00f3n:<\/p>\n\n\n\n<ol class=\"wp-block-list\">\n<li>Documento de identidad o pasaporte<\/li>\n\n\n\n<li>Foto carn\u00e9<\/li>\n\n\n\n<li>Escolaridad<\/li>\n\n\n\n<li>Carta de motivaci\u00f3n, especificando el inter\u00e9s en realizar la movilidad en las tres universidades seleccionadas y fundamentando los aportes a su trayectoria curricular (extensi\u00f3n m\u00e1xima: dos carillas)<\/li>\n\n\n\n<li><strong>Formulario EE1\/EE2<\/strong> (uno por cada universidad de destino)<\/li>\n<\/ol>\n\n\n\n<h3 class=\"wp-block-heading\"><strong>Plazo de postulaci\u00f3n<\/strong><\/h3>\n\n\n\n<p>\ud83d\udcc5 <strong>Hasta el 24 de marzo de 2026<\/strong><\/p>\n\n\n\n<h3 class=\"wp-block-heading\"><strong>Consultas<\/strong><\/h3>\n\n\n\n<p>Por dudas o consultas, escribir a:<br>\ud83d\udce9 <strong><a>movilidad.estudiantil@nutricion.edu.uy<\/a><\/strong><\/p>\n\n\n\n<h3 class=\"wp-block-heading\"><strong>Formularios y documentos<\/strong><\/h3>\n\n\n\n<ul class=\"wp-block-list\">\n<li><strong>Formulario de postulaci\u00f3n EE1-EE2<\/strong>: <a href=\"https:\/\/www.nutricion.edu.uy\/wp-content\/uploads\/2026\/03\/4-ESCALA-form.-EE1-EE2-odt.odt\">descargar formulario<\/a><\/li>\n\n\n\n<li><strong>Convocatoria completa<\/strong>: <a href=\"https:\/\/www.nutricion.edu.uy\/wp-content\/uploads\/2026\/03\/AUGM-2\u00b0-semestre-2026.pdf\">ver documento<\/a><\/li>\n<\/ul>\n\n\n\n<p><\/p>\n","protected":false},"excerpt":{"rendered":"<p>La Escuela de Nutrici\u00f3n informa que se encuentra abierta la convocatoria al Programa ESCALA Estudiantes de Grado de AUGM (PEEG) para el segundo semestre de 2026. Este programa brinda la oportunidad a estudiantes de la Universidad de la Rep\u00fablica de cursar parte de sus estudios, durante un semestre lectivo, en una universidad integrante de la&hellip;<\/p>\n","protected":false},"author":3,"featured_media":14706,"comment_status":"closed","ping_status":"closed","sticky":false,"template":"","format":"standard","meta":{"footnotes":""},"categories":[49,10,11,104,27],"tags":[],"class_list":["post-14703","post","type-post","status-publish","format-standard","has-post-thumbnail","hentry","category-destacada","category-general","category-inicio","category-movilidad","category-uae"],"yoast_head":"<!-- This site is optimized with the Yoast SEO plugin v24.9 - https:\/\/yoast.com\/wordpress\/plugins\/seo\/ -->\n<title>Convocatoria abierta: Programa ESCALA Estudiantes de Grado AUGM \u2013 2\u00b0 semestre 2026 - Escuela de Nutrici\u00f3n<\/title>\n<meta name=\"robots\" content=\"index, follow, max-snippet:-1, max-image-preview:large, max-video-preview:-1\" \/>\n<link rel=\"canonical\" href=\"https:\/\/www.nutricion.edu.uy\/?p=14703\" \/>\n<meta property=\"og:locale\" content=\"es_ES\" \/>\n<meta property=\"og:type\" content=\"article\" \/>\n<meta property=\"og:title\" content=\"Convocatoria abierta: Programa ESCALA Estudiantes de Grado AUGM \u2013 2\u00b0 semestre 2026 - Escuela de Nutrici\u00f3n\" \/>\n<meta property=\"og:description\" content=\"La Escuela de Nutrici\u00f3n informa que se encuentra abierta la convocatoria al Programa ESCALA Estudiantes de Grado de AUGM (PEEG) para el segundo semestre de 2026. Este programa brinda la oportunidad a estudiantes de la Universidad de la Rep\u00fablica de cursar parte de sus estudios, durante un semestre lectivo, en una universidad integrante de la&hellip;\" \/>\n<meta property=\"og:url\" content=\"https:\/\/www.nutricion.edu.uy\/?p=14703\" \/>\n<meta property=\"og:site_name\" content=\"Escuela de Nutrici\u00f3n\" \/>\n<meta property=\"article:published_time\" content=\"2026-03-17T13:01:23+00:00\" \/>\n<meta property=\"article:modified_time\" content=\"2026-03-17T13:01:30+00:00\" \/>\n<meta property=\"og:image\" content=\"https:\/\/www.nutricion.edu.uy\/wp-content\/uploads\/2026\/03\/Escala-estudiantes-2026-Plantilla-Banner.png\" \/>\n\t<meta property=\"og:image:width\" content=\"1024\" \/>\n\t<meta property=\"og:image:height\" content=\"379\" \/>\n\t<meta property=\"og:image:type\" content=\"image\/png\" \/>\n<meta name=\"author\" content=\"Guillermo Silva\" \/>\n<meta name=\"twitter:card\" content=\"summary_large_image\" \/>\n<meta name=\"twitter:label1\" content=\"Escrito por\" \/>\n\t<meta name=\"twitter:data1\" content=\"Guillermo Silva\" \/>\n\t<meta name=\"twitter:label2\" content=\"Tiempo de lectura\" \/>\n\t<meta name=\"twitter:data2\" content=\"2 minutos\" \/>\n<script type=\"application\/ld+json\" class=\"yoast-schema-graph\">{\"@context\":\"https:\/\/schema.org\",\"@graph\":[{\"@type\":\"Article\",\"@id\":\"https:\/\/www.nutricion.edu.uy\/?p=14703#article\",\"isPartOf\":{\"@id\":\"https:\/\/www.nutricion.edu.uy\/?p=14703\"},\"author\":{\"name\":\"Guillermo Silva\",\"@id\":\"https:\/\/www.nutricion.edu.uy\/#\/schema\/person\/f0d1a85ea4c63281029038140c5ba08f\"},\"headline\":\"Convocatoria abierta: Programa ESCALA Estudiantes de Grado AUGM \u2013 2\u00b0 semestre 2026\",\"datePublished\":\"2026-03-17T13:01:23+00:00\",\"dateModified\":\"2026-03-17T13:01:30+00:00\",\"mainEntityOfPage\":{\"@id\":\"https:\/\/www.nutricion.edu.uy\/?p=14703\"},\"wordCount\":332,\"publisher\":{\"@id\":\"https:\/\/www.nutricion.edu.uy\/#organization\"},\"image\":{\"@id\":\"https:\/\/www.nutricion.edu.uy\/?p=14703#primaryimage\"},\"thumbnailUrl\":\"https:\/\/www.nutricion.edu.uy\/wp-content\/uploads\/2026\/03\/Escala-estudiantes-2026-Plantilla-Banner.png\",\"articleSection\":[\"Destacada\",\"General\",\"Inicio\",\"Movilidad estudiantil\",\"Unidad de Apoyo a la Ense\u00f1anza\"],\"inLanguage\":\"es\"},{\"@type\":\"WebPage\",\"@id\":\"https:\/\/www.nutricion.edu.uy\/?p=14703\",\"url\":\"https:\/\/www.nutricion.edu.uy\/?p=14703\",\"name\":\"Convocatoria abierta: Programa ESCALA Estudiantes de Grado AUGM \u2013 2\u00b0 semestre 2026 - Escuela de Nutrici\u00f3n\",\"isPartOf\":{\"@id\":\"https:\/\/www.nutricion.edu.uy\/#website\"},\"primaryImageOfPage\":{\"@id\":\"https:\/\/www.nutricion.edu.uy\/?p=14703#primaryimage\"},\"image\":{\"@id\":\"https:\/\/www.nutricion.edu.uy\/?p=14703#primaryimage\"},\"thumbnailUrl\":\"https:\/\/www.nutricion.edu.uy\/wp-content\/uploads\/2026\/03\/Escala-estudiantes-2026-Plantilla-Banner.png\",\"datePublished\":\"2026-03-17T13:01:23+00:00\",\"dateModified\":\"2026-03-17T13:01:30+00:00\",\"breadcrumb\":{\"@id\":\"https:\/\/www.nutricion.edu.uy\/?p=14703#breadcrumb\"},\"inLanguage\":\"es\",\"potentialAction\":[{\"@type\":\"ReadAction\",\"target\":[\"https:\/\/www.nutricion.edu.uy\/?p=14703\"]}]},{\"@type\":\"ImageObject\",\"inLanguage\":\"es\",\"@id\":\"https:\/\/www.nutricion.edu.uy\/?p=14703#primaryimage\",\"url\":\"https:\/\/www.nutricion.edu.uy\/wp-content\/uploads\/2026\/03\/Escala-estudiantes-2026-Plantilla-Banner.png\",\"contentUrl\":\"https:\/\/www.nutricion.edu.uy\/wp-content\/uploads\/2026\/03\/Escala-estudiantes-2026-Plantilla-Banner.png\",\"width\":1024,\"height\":379},{\"@type\":\"BreadcrumbList\",\"@id\":\"https:\/\/www.nutricion.edu.uy\/?p=14703#breadcrumb\",\"itemListElement\":[{\"@type\":\"ListItem\",\"position\":1,\"name\":\"Portada\",\"item\":\"https:\/\/www.nutricion.edu.uy\/\"},{\"@type\":\"ListItem\",\"position\":2,\"name\":\"Convocatoria abierta: Programa ESCALA Estudiantes de Grado AUGM \u2013 2\u00b0 semestre 2026\"}]},{\"@type\":\"WebSite\",\"@id\":\"https:\/\/www.nutricion.edu.uy\/#website\",\"url\":\"https:\/\/www.nutricion.edu.uy\/\",\"name\":\"Escuela de Nutrici\u00f3n\",\"description\":\"Universidad de la Rep\u00fablica\",\"publisher\":{\"@id\":\"https:\/\/www.nutricion.edu.uy\/#organization\"},\"potentialAction\":[{\"@type\":\"SearchAction\",\"target\":{\"@type\":\"EntryPoint\",\"urlTemplate\":\"https:\/\/www.nutricion.edu.uy\/?s={search_term_string}\"},\"query-input\":{\"@type\":\"PropertyValueSpecification\",\"valueRequired\":true,\"valueName\":\"search_term_string\"}}],\"inLanguage\":\"es\"},{\"@type\":\"Organization\",\"@id\":\"https:\/\/www.nutricion.edu.uy\/#organization\",\"name\":\"Escuela de Nutrici\u00f3n Udelar\",\"url\":\"https:\/\/www.nutricion.edu.uy\/\",\"logo\":{\"@type\":\"ImageObject\",\"inLanguage\":\"es\",\"@id\":\"https:\/\/www.nutricion.edu.uy\/#\/schema\/logo\/image\/\",\"url\":\"https:\/\/www.nutricion.edu.uy\/wp-content\/uploads\/2018\/01\/logo_escuela.png\",\"contentUrl\":\"https:\/\/www.nutricion.edu.uy\/wp-content\/uploads\/2018\/01\/logo_escuela.png\",\"width\":257,\"height\":70,\"caption\":\"Escuela de Nutrici\u00f3n Udelar\"},\"image\":{\"@id\":\"https:\/\/www.nutricion.edu.uy\/#\/schema\/logo\/image\/\"}},{\"@type\":\"Person\",\"@id\":\"https:\/\/www.nutricion.edu.uy\/#\/schema\/person\/f0d1a85ea4c63281029038140c5ba08f\",\"name\":\"Guillermo Silva\",\"url\":\"https:\/\/www.nutricion.edu.uy\/?author=3\"}]}<\/script>\n<!-- \/ Yoast SEO plugin. -->","yoast_head_json":{"title":"Convocatoria abierta: Programa ESCALA Estudiantes de Grado AUGM \u2013 2\u00b0 semestre 2026 - Escuela de Nutrici\u00f3n","robots":{"index":"index","follow":"follow","max-snippet":"max-snippet:-1","max-image-preview":"max-image-preview:large","max-video-preview":"max-video-preview:-1"},"canonical":"https:\/\/www.nutricion.edu.uy\/?p=14703","og_locale":"es_ES","og_type":"article","og_title":"Convocatoria abierta: Programa ESCALA Estudiantes de Grado AUGM \u2013 2\u00b0 semestre 2026 - Escuela de Nutrici\u00f3n","og_description":"La Escuela de Nutrici\u00f3n informa que se encuentra abierta la convocatoria al Programa ESCALA Estudiantes de Grado de AUGM (PEEG) para el segundo semestre de 2026. Este programa brinda la oportunidad a estudiantes de la Universidad de la Rep\u00fablica de cursar parte de sus estudios, durante un semestre lectivo, en una universidad integrante de la&hellip;","og_url":"https:\/\/www.nutricion.edu.uy\/?p=14703","og_site_name":"Escuela de Nutrici\u00f3n","article_published_time":"2026-03-17T13:01:23+00:00","article_modified_time":"2026-03-17T13:01:30+00:00","og_image":[{"width":1024,"height":379,"url":"https:\/\/www.nutricion.edu.uy\/wp-content\/uploads\/2026\/03\/Escala-estudiantes-2026-Plantilla-Banner.png","type":"image\/png"}],"author":"Guillermo Silva","twitter_card":"summary_large_image","twitter_misc":{"Escrito por":"Guillermo Silva","Tiempo de lectura":"2 minutos"},"schema":{"@context":"https:\/\/schema.org","@graph":[{"@type":"Article","@id":"https:\/\/www.nutricion.edu.uy\/?p=14703#article","isPartOf":{"@id":"https:\/\/www.nutricion.edu.uy\/?p=14703"},"author":{"name":"Guillermo Silva","@id":"https:\/\/www.nutricion.edu.uy\/#\/schema\/person\/f0d1a85ea4c63281029038140c5ba08f"},"headline":"Convocatoria abierta: Programa ESCALA Estudiantes de Grado AUGM \u2013 2\u00b0 semestre 2026","datePublished":"2026-03-17T13:01:23+00:00","dateModified":"2026-03-17T13:01:30+00:00","mainEntityOfPage":{"@id":"https:\/\/www.nutricion.edu.uy\/?p=14703"},"wordCount":332,"publisher":{"@id":"https:\/\/www.nutricion.edu.uy\/#organization"},"image":{"@id":"https:\/\/www.nutricion.edu.uy\/?p=14703#primaryimage"},"thumbnailUrl":"https:\/\/www.nutricion.edu.uy\/wp-content\/uploads\/2026\/03\/Escala-estudiantes-2026-Plantilla-Banner.png","articleSection":["Destacada","General","Inicio","Movilidad estudiantil","Unidad de Apoyo a la Ense\u00f1anza"],"inLanguage":"es"},{"@type":"WebPage","@id":"https:\/\/www.nutricion.edu.uy\/?p=14703","url":"https:\/\/www.nutricion.edu.uy\/?p=14703","name":"Convocatoria abierta: Programa ESCALA Estudiantes de Grado AUGM \u2013 2\u00b0 semestre 2026 - Escuela de Nutrici\u00f3n","isPartOf":{"@id":"https:\/\/www.nutricion.edu.uy\/#website"},"primaryImageOfPage":{"@id":"https:\/\/www.nutricion.edu.uy\/?p=14703#primaryimage"},"image":{"@id":"https:\/\/www.nutricion.edu.uy\/?p=14703#primaryimage"},"thumbnailUrl":"https:\/\/www.nutricion.edu.uy\/wp-content\/uploads\/2026\/03\/Escala-estudiantes-2026-Plantilla-Banner.png","datePublished":"2026-03-17T13:01:23+00:00","dateModified":"2026-03-17T13:01:30+00:00","breadcrumb":{"@id":"https:\/\/www.nutricion.edu.uy\/?p=14703#breadcrumb"},"inLanguage":"es","potentialAction":[{"@type":"ReadAction","target":["https:\/\/www.nutricion.edu.uy\/?p=14703"]}]},{"@type":"ImageObject","inLanguage":"es","@id":"https:\/\/www.nutricion.edu.uy\/?p=14703#primaryimage","url":"https:\/\/www.nutricion.edu.uy\/wp-content\/uploads\/2026\/03\/Escala-estudiantes-2026-Plantilla-Banner.png","contentUrl":"https:\/\/www.nutricion.edu.uy\/wp-content\/uploads\/2026\/03\/Escala-estudiantes-2026-Plantilla-Banner.png","width":1024,"height":379},{"@type":"BreadcrumbList","@id":"https:\/\/www.nutricion.edu.uy\/?p=14703#breadcrumb","itemListElement":[{"@type":"ListItem","position":1,"name":"Portada","item":"https:\/\/www.nutricion.edu.uy\/"},{"@type":"ListItem","position":2,"name":"Convocatoria abierta: Programa ESCALA Estudiantes de Grado AUGM \u2013 2\u00b0 semestre 2026"}]},{"@type":"WebSite","@id":"https:\/\/www.nutricion.edu.uy\/#website","url":"https:\/\/www.nutricion.edu.uy\/","name":"Escuela de Nutrici\u00f3n","description":"Universidad de la Rep\u00fablica","publisher":{"@id":"https:\/\/www.nutricion.edu.uy\/#organization"},"potentialAction":[{"@type":"SearchAction","target":{"@type":"EntryPoint","urlTemplate":"https:\/\/www.nutricion.edu.uy\/?s={search_term_string}"},"query-input":{"@type":"PropertyValueSpecification","valueRequired":true,"valueName":"search_term_string"}}],"inLanguage":"es"},{"@type":"Organization","@id":"https:\/\/www.nutricion.edu.uy\/#organization","name":"Escuela de Nutrici\u00f3n Udelar","url":"https:\/\/www.nutricion.edu.uy\/","logo":{"@type":"ImageObject","inLanguage":"es","@id":"https:\/\/www.nutricion.edu.uy\/#\/schema\/logo\/image\/","url":"https:\/\/www.nutricion.edu.uy\/wp-content\/uploads\/2018\/01\/logo_escuela.png","contentUrl":"https:\/\/www.nutricion.edu.uy\/wp-content\/uploads\/2018\/01\/logo_escuela.png","width":257,"height":70,"caption":"Escuela de Nutrici\u00f3n Udelar"},"image":{"@id":"https:\/\/www.nutricion.edu.uy\/#\/schema\/logo\/image\/"}},{"@type":"Person","@id":"https:\/\/www.nutricion.edu.uy\/#\/schema\/person\/f0d1a85ea4c63281029038140c5ba08f","name":"Guillermo Silva","url":"https:\/\/www.nutricion.edu.uy\/?author=3"}]}},"_links":{"self":[{"href":"https:\/\/www.nutricion.edu.uy\/index.php?rest_route=\/wp\/v2\/posts\/14703","targetHints":{"allow":["GET"]}}],"collection":[{"href":"https:\/\/www.nutricion.edu.uy\/index.php?rest_route=\/wp\/v2\/posts"}],"about":[{"href":"https:\/\/www.nutricion.edu.uy\/index.php?rest_route=\/wp\/v2\/types\/post"}],"author":[{"embeddable":true,"href":"https:\/\/www.nutricion.edu.uy\/index.php?rest_route=\/wp\/v2\/users\/3"}],"replies":[{"embeddable":true,"href":"https:\/\/www.nutricion.edu.uy\/index.php?rest_route=%2Fwp%2Fv2%2Fcomments&post=14703"}],"version-history":[{"count":1,"href":"https:\/\/www.nutricion.edu.uy\/index.php?rest_route=\/wp\/v2\/posts\/14703\/revisions"}],"predecessor-version":[{"id":14707,"href":"https:\/\/www.nutricion.edu.uy\/index.php?rest_route=\/wp\/v2\/posts\/14703\/revisions\/14707"}],"wp:featuredmedia":[{"embeddable":true,"href":"https:\/\/www.nutricion.edu.uy\/index.php?rest_route=\/wp\/v2\/media\/14706"}],"wp:attachment":[{"href":"https:\/\/www.nutricion.edu.uy\/index.php?rest_route=%2Fwp%2Fv2%2Fmedia&parent=14703"}],"wp:term":[{"taxonomy":"category","embeddable":true,"href":"https:\/\/www.nutricion.edu.uy\/index.php?rest_route=%2Fwp%2Fv2%2Fcategories&post=14703"},{"taxonomy":"post_tag","embeddable":true,"href":"https:\/\/www.nutricion.edu.uy\/index.php?rest_route=%2Fwp%2Fv2%2Ftags&post=14703"}],"curies":[{"name":"wp","href":"https:\/\/api.w.org\/{rel}","templated":true}]}}