{"id":15236,"date":"2026-09-04T12:20:53","date_gmt":"2026-09-04T15:20:53","guid":{"rendered":"https:\/\/www.nutricion.edu.uy\/?p=15236"},"modified":"2026-09-04T12:20:54","modified_gmt":"2026-09-04T15:20:54","slug":"curso-habilidades-de-liderazgo-para-la-gestion-del-talento-humano-en-los-servicios-de-alimentacion-colectiva","status":"publish","type":"post","link":"https:\/\/www.nutricion.edu.uy\/?p=15236","title":{"rendered":"Curso Habilidades de liderazgo para la gesti\u00f3n del talento humano en los servicios de alimentaci\u00f3n colectiva"},"content":{"rendered":"\n<div style=\"max-width:1100px;margin:0 auto;padding:52px 24px 80px;font-family:'Mulish',sans-serif;color:#1E2A38;background:#F6F8FB\">\n  <div style=\"font-family:'Poppins',sans-serif;font-weight:600;letter-spacing:.15em;text-transform:uppercase;font-size:15px;color:#1E9CB8\">\n    CURSO DE EDUCACI\u00d3N PERMANENTE<br>\n    <span style=\"background:rgba(30,156,184,.15);border-radius:999px;padding:3px 14px;color:#1E9CB8;font-weight:700;display:inline-block;margin-top:7px\">INSCRIPCIONES ABIERTAS HASTA EL 23\/9<\/span>\n  <\/div>\n  <h1 style=\"font-family:'Poppins',sans-serif;font-weight:700;font-size:clamp(26px,3vw,38px);line-height:1.15;letter-spacing:-.015em;color:#1B4F8C;margin:12px 0 0\">Habilidades de liderazgo para la gesti\u00f3n del talento humano en los servicios de alimentaci\u00f3n colectiva<\/h1>\n\n  <div style=\"display:flex;flex-wrap:wrap;gap:9px;margin:20px 0 0\">\n    <span style=\"display:inline-flex;align-items:center;gap:7px;font-family:'Poppins',sans-serif;font-weight:600;font-size:13.5px;border-radius:999px;padding:9px 16px;white-space:nowrap;background:#EAF5F8;color:#1B4F8C\">\n      <svg viewBox=\"0 0 24 24\" fill=\"none\" stroke=\"#1E9CB8\" stroke-width=\"2\" stroke-linecap=\"round\" width=\"15\" height=\"15\"><rect x=\"3\" y=\"4.5\" width=\"18\" height=\"16\" rx=\"2.5\"><\/rect><path d=\"M3 9h18M8 2.5v4M16 2.5v4\"><\/path><\/svg>\n      30\/9 al 18\/11\n    <\/span>\n    <span style=\"display:inline-flex;align-items:center;gap:7px;font-family:'Poppins',sans-serif;font-weight:600;font-size:13.5px;border-radius:999px;padding:9px 16px;white-space:nowrap;background:#EAF5F8;color:#1B4F8C\">\n      <svg viewBox=\"0 0 24 24\" fill=\"none\" stroke=\"#1E9CB8\" stroke-width=\"2\" stroke-linecap=\"round\" width=\"15\" height=\"15\"><circle cx=\"12\" cy=\"12\" r=\"9\"><\/circle><path d=\"M12 7.5V12l3 2\"><\/path><\/svg>\n      Mi\u00e9rcoles de 17 a 19 h\n    <\/span>\n    <span style=\"display:inline-flex;align-items:center;gap:7px;font-family:'Poppins',sans-serif;font-weight:600;font-size:13.5px;border-radius:999px;padding:9px 16px;white-space:nowrap;background:#EAF5F8;color:#1B4F8C\">\n      <svg viewBox=\"0 0 24 24\" fill=\"none\" stroke=\"#1E9CB8\" stroke-width=\"2\" stroke-linecap=\"round\" width=\"15\" height=\"15\"><rect x=\"2.5\" y=\"4\" width=\"19\" height=\"13\" rx=\"2\"><\/rect><path d=\"M8 21h8M12 17v4\"><\/path><\/svg>\n      Virtual sincr\u00f3nico (Zoom \u00b7 EVA)\n    <\/span>\n    <span style=\"display:inline-flex;align-items:center;gap:7px;font-family:'Poppins',sans-serif;font-weight:600;font-size:13.5px;border-radius:999px;padding:9px 16px;white-space:nowrap;background:#EAF5F8;color:#1B4F8C\">\n      <svg viewBox=\"0 0 24 24\" fill=\"none\" stroke=\"#1E9CB8\" stroke-width=\"2\" stroke-linecap=\"round\" width=\"15\" height=\"15\"><path d=\"M3 12a9 9 0 1 0 9-9\"><\/path><path d=\"M12 7v5l3 2\"><\/path><\/svg>\n      30 horas\n    <\/span>\n  <\/div>\n\n  <div style=\"display:table;width:100%;table-layout:fixed;margin:44px 0 0\">\n    <div style=\"display:table-cell;vertical-align:top;text-align:left;padding-right:48px;width:auto\">\n      <p style=\"font-size:16px;line-height:1.72;color:#36465a;margin:0 0 18px\">El curso aborda la comprensi\u00f3n del liderazgo en las organizaciones, sus diferentes estilos y su relaci\u00f3n con la motivaci\u00f3n laboral, incorporando adem\u00e1s herramientas de comunicaci\u00f3n interpersonal y de gesti\u00f3n de conflictos. Se desarrolla mediante encuentros sincr\u00f3nicos semanales y trabajo asincr\u00f3nico a trav\u00e9s del EVA. Su prop\u00f3sito es promover en las y los participantes la reflexi\u00f3n cr\u00edtica sobre sus propias habilidades de liderazgo, as\u00ed como el an\u00e1lisis de su contexto laboral.<\/p>\n\n      <h2 style=\"font-family:'Poppins',sans-serif;font-weight:700;font-size:20px;color:#1E2A38;margin:34px 0 14px\">Objetivo del curso<\/h2>\n      <ul style=\"list-style:none;display:flex;flex-direction:column;gap:12px;margin:0;padding:0\">\n        <li style=\"position:relative;padding-left:32px;font-size:15.5px;line-height:1.58;color:#36465a\">\n          <span style=\"position:absolute;left:0;top:3px;width:20px;height:20px;border-radius:50%;border:1.8px solid #2AA8C4;background:#EAF5F8\"><\/span>\n          Desarrollar y fortalecer el liderazgo para la gesti\u00f3n del talento humano en los servicios de alimentaci\u00f3n colectiva.\n        <\/li>\n      <\/ul>\n\n      <h2 style=\"font-family:'Poppins',sans-serif;font-weight:700;font-size:20px;color:#1E2A38;margin:34px 0 14px\">Equipo docente<\/h2>\n      <div style=\"margin:32px 0 0;padding:20px 22px;background:#EAF5F8;border-radius:16px\">\n        <span style=\"font-family:'Poppins',sans-serif;font-weight:700;font-size:14.5px;color:#1E2A38;display:block;margin-bottom:7px\">Prof. Agda. Andrea Echegoyen<\/span>\n        <div style=\"font-size:14px;color:#54637A;line-height:1.7\">\n          Licenciada en Nutrici\u00f3n.<br>\n          Mag\u00edster en Recursos Humanos y Gesti\u00f3n del Conocimiento.<br>\n          Especialista en Gerencia de Servicios de Alimentaci\u00f3n Colectiva.\n        <\/div>\n      <\/div>\n      <div style=\"margin-top:14px;padding:20px 22px;background:#EAF5F8;border-radius:16px\">\n        <span style=\"font-family:'Poppins',sans-serif;font-weight:700;font-size:14.5px;color:#1E2A38;display:block;margin-bottom:7px\">Prof. Adj. Isabel Petronio<\/span>\n        <div style=\"font-size:14px;color:#54637A;line-height:1.7\">\n          Licenciada en Nutrici\u00f3n.<br>\n          Mag\u00edster en Educaci\u00f3n, especializaci\u00f3n en las Tecnolog\u00edas de la Informaci\u00f3n y Comunicaci\u00f3n en la Educaci\u00f3n.<br>\n          Especialista en Gerencia de Servicios de Alimentaci\u00f3n Colectiva.\n        <\/div>\n      <\/div>\n    <\/div>\n\n    <div style=\"display:table-cell;vertical-align:top;width:320px;max-width:320px;text-align:left\">\n      <div style=\"background:#fff;border:1px solid #E2E9F0;border-radius:20px;overflow:hidden;box-shadow:0 16px 48px rgba(20,58,107,.08)\">\n        <div style=\"background:linear-gradient(90deg,#2AA8C4 0%,#1E84B0 48%,#1B4F8C 100%);padding:18px 22px;font-family:'Poppins',sans-serif;font-weight:700;color:#fff;font-size:15.5px\">Informaci\u00f3n del curso<\/div>\n\n        <div style=\"display:flex;justify-content:space-between;align-items:baseline;gap:10px;padding:14px 22px;border-bottom:1px solid #E2E9F0;font-size:13.5px\">\n          <span style=\"color:#54637A;font-weight:600;flex-shrink:0\">Modalidad<\/span>\n          <span style=\"font-family:'Poppins',sans-serif;font-weight:600;color:#1E2A38;text-align:right\">Virtual sincr\u00f3nico por Zoom y asincr\u00f3nico por EVA<\/span>\n        <\/div>\n        <div style=\"display:flex;justify-content:space-between;align-items:baseline;gap:10px;padding:14px 22px;border-bottom:1px solid #E2E9F0;font-size:13.5px\">\n          <span style=\"color:#54637A;font-weight:600;flex-shrink:0\">Fechas<\/span>\n          <span style=\"font-family:'Poppins',sans-serif;font-weight:600;color:#1E2A38;text-align:right\">Del 30 de setiembre al 18 de noviembre<\/span>\n        <\/div>\n        <div style=\"display:flex;justify-content:space-between;align-items:baseline;gap:10px;padding:14px 22px;border-bottom:1px solid #E2E9F0;font-size:13.5px\">\n          <span style=\"color:#54637A;font-weight:600;flex-shrink:0\">D\u00edas y horario<\/span>\n          <span style=\"font-family:'Poppins',sans-serif;font-weight:600;color:#1E2A38;text-align:right\">Mi\u00e9rcoles<br>17 a 19 h<\/span>\n        <\/div>\n        <div style=\"display:flex;justify-content:space-between;align-items:baseline;gap:10px;padding:14px 22px;border-bottom:1px solid #E2E9F0;font-size:13.5px\">\n          <span style=\"color:#54637A;font-weight:600;flex-shrink:0\">Carga horaria<\/span>\n          <span style=\"font-family:'Poppins',sans-serif;font-weight:600;color:#1E2A38;text-align:right\">30 horas<\/span>\n        <\/div>\n        <div style=\"display:flex;justify-content:space-between;align-items:baseline;gap:10px;padding:14px 22px;border-bottom:1px solid #E2E9F0;font-size:13.5px\">\n          <span style=\"color:#54637A;font-weight:600;flex-shrink:0\">Organiza<\/span>\n          <span style=\"font-family:'Poppins',sans-serif;font-weight:600;color:#1E2A38;text-align:right\">UA Departamento de Administraci\u00f3n<\/span>\n        <\/div>\n        <div style=\"display:flex;justify-content:space-between;align-items:baseline;gap:10px;padding:14px 22px;border-bottom:1px solid #E2E9F0;font-size:13.5px\">\n          <span style=\"color:#54637A;font-weight:600;flex-shrink:0\">Destinatarios<\/span>\n          <span style=\"font-family:'Poppins',sans-serif;font-weight:600;color:#1E2A38;text-align:right\">Licenciados\/as en Nutrici\u00f3n<\/span>\n        <\/div>\n        <div style=\"display:flex;justify-content:space-between;align-items:baseline;gap:10px;padding:14px 22px;border-bottom:1px solid #E2E9F0;font-size:13.5px\">\n          <span style=\"color:#54637A;font-weight:600;flex-shrink:0\">Cupos<\/span>\n          <span style=\"font-family:'Poppins',sans-serif;font-weight:600;color:#1E2A38;text-align:right\">30<\/span>\n        <\/div>\n        <div style=\"display:flex;justify-content:space-between;align-items:baseline;gap:10px;padding:14px 22px;font-size:13.5px\">\n          <span style=\"color:#54637A;font-weight:600;flex-shrink:0\">Costo<\/span>\n          <span style=\"font-family:'Poppins',sans-serif;font-weight:600;color:#1E9CB8;text-align:right;font-size:16px\">$ 3.700<\/span>\n        <\/div>\n\n        <div style=\"padding:18px 22px;border-top:1px solid #E2E9F0;display:flex;flex-direction:column;gap:10px\">\n          <a href=\"https:\/\/encuestas.epb.edu.uy\/index.php\/598174?lang=es\" target=\"_blank\" rel=\"noopener\" style=\"display:block;background:#1B4F8C;color:#fff;text-align:center;padding:15px 24px;border-radius:999px;font-family:'Poppins',sans-serif;font-weight:700;font-size:15px;text-decoration:none\">Ir al formulario de inscripci\u00f3n \u2192<\/a>\n          <a href=\"https:\/\/www.nutricion.edu.uy\/wp-content\/uploads\/2024\/04\/2022PROCEDIMIENTODEPAGOPARALOSCURSOSDEEDUCACIO%CC%81NPERMANENTEDEESCUELADENUTRICIO%CC%81N.pdf\" target=\"_blank\" rel=\"noopener\" style=\"display:block;background:#fff;color:#1B4F8C;text-align:center;padding:13px 24px;border-radius:999px;border:1.8px solid #1B4F8C;font-family:'Poppins',sans-serif;font-weight:700;font-size:15px;text-decoration:none\">Ver procedimiento de pago \u2192<\/a>\n          <div style=\"font-size:11.5px;color:#54637A;text-align:center\">Inscripciones hasta el 23\/9<\/div>\n        <\/div>\n      <\/div>\n    <\/div>\n  <\/div>\n<\/div>\n","protected":false},"excerpt":{"rendered":"<p>CURSO DE EDUCACI\u00d3N PERMANENTE INSCRIPCIONES ABIERTAS HASTA EL 23\/9 Habilidades de liderazgo para la gesti\u00f3n del talento humano en los servicios de alimentaci\u00f3n colectiva 30\/9 al 18\/11 Mi\u00e9rcoles de 17 a 19 h Virtual sincr\u00f3nico (Zoom \u00b7 EVA) 30 horas El curso aborda la comprensi\u00f3n del liderazgo en las organizaciones, sus diferentes estilos y su&hellip;<\/p>\n","protected":false},"author":49,"featured_media":15026,"comment_status":"closed","ping_status":"closed","sticky":false,"template":"","format":"standard","meta":{"footnotes":""},"categories":[24],"tags":[],"class_list":["post-15236","post","type-post","status-publish","format-standard","has-post-thumbnail","hentry","category-educacion-permanente"],"yoast_head":"<!-- This site is optimized with the Yoast SEO plugin v24.9 - https:\/\/yoast.com\/wordpress\/plugins\/seo\/ -->\n<title>Curso Habilidades de liderazgo para la gesti\u00f3n del talento humano en los servicios de alimentaci\u00f3n colectiva - Escuela de Nutrici\u00f3n<\/title>\n<meta name=\"description\" content=\"Nuevo curso de Educaci\u00f3n Permanente - Interpretaci\u00f3n de encuestas de consumo de alimentos desde la epidemiolog\u00eda nutricional\" \/>\n<meta name=\"robots\" content=\"index, follow, max-snippet:-1, max-image-preview:large, max-video-preview:-1\" \/>\n<link rel=\"canonical\" href=\"https:\/\/www.nutricion.edu.uy\/?p=15236\" \/>\n<meta property=\"og:locale\" content=\"es_ES\" \/>\n<meta property=\"og:type\" content=\"article\" \/>\n<meta property=\"og:title\" content=\"Curso Habilidades de liderazgo para la gesti\u00f3n del talento humano en los servicios de alimentaci\u00f3n colectiva - Escuela de Nutrici\u00f3n\" \/>\n<meta property=\"og:description\" content=\"Nuevo curso de Educaci\u00f3n Permanente - Interpretaci\u00f3n de encuestas de consumo de alimentos desde la epidemiolog\u00eda nutricional\" \/>\n<meta property=\"og:url\" content=\"https:\/\/www.nutricion.edu.uy\/?p=15236\" \/>\n<meta property=\"og:site_name\" content=\"Escuela de Nutrici\u00f3n\" \/>\n<meta property=\"article:published_time\" content=\"2026-09-04T15:20:53+00:00\" \/>\n<meta property=\"article:modified_time\" content=\"2026-09-04T15:20:54+00:00\" \/>\n<meta property=\"og:image\" content=\"https:\/\/www.nutricion.edu.uy\/wp-content\/uploads\/2026\/06\/Banner-web-cursos-ep-2026-1-e1785174714750.png\" \/>\n\t<meta property=\"og:image:width\" content=\"600\" \/>\n\t<meta property=\"og:image:height\" content=\"200\" \/>\n\t<meta property=\"og:image:type\" content=\"image\/png\" \/>\n<meta name=\"author\" content=\"Paula Churi\" \/>\n<meta name=\"twitter:card\" content=\"summary_large_image\" \/>\n<meta name=\"twitter:label1\" content=\"Escrito por\" \/>\n\t<meta name=\"twitter:data1\" content=\"Paula Churi\" \/>\n\t<meta name=\"twitter:label2\" content=\"Tiempo de lectura\" \/>\n\t<meta name=\"twitter:data2\" content=\"2 minutos\" \/>\n<script type=\"application\/ld+json\" class=\"yoast-schema-graph\">{\"@context\":\"https:\/\/schema.org\",\"@graph\":[{\"@type\":\"Article\",\"@id\":\"https:\/\/www.nutricion.edu.uy\/?p=15236#article\",\"isPartOf\":{\"@id\":\"https:\/\/www.nutricion.edu.uy\/?p=15236\"},\"author\":{\"name\":\"Paula Churi\",\"@id\":\"https:\/\/www.nutricion.edu.uy\/#\/schema\/person\/8c74eb41c645199d06c7ec360b3970b5\"},\"headline\":\"Curso Habilidades de liderazgo para la gesti\u00f3n del talento humano en los servicios de alimentaci\u00f3n colectiva\",\"datePublished\":\"2026-09-04T15:20:53+00:00\",\"dateModified\":\"2026-09-04T15:20:54+00:00\",\"mainEntityOfPage\":{\"@id\":\"https:\/\/www.nutricion.edu.uy\/?p=15236\"},\"wordCount\":289,\"publisher\":{\"@id\":\"https:\/\/www.nutricion.edu.uy\/#organization\"},\"image\":{\"@id\":\"https:\/\/www.nutricion.edu.uy\/?p=15236#primaryimage\"},\"thumbnailUrl\":\"https:\/\/www.nutricion.edu.uy\/wp-content\/uploads\/2026\/06\/Banner-web-cursos-ep-2026-1-e1785174714750.png\",\"articleSection\":[\"Educaci\u00f3n Permanente\"],\"inLanguage\":\"es\"},{\"@type\":\"WebPage\",\"@id\":\"https:\/\/www.nutricion.edu.uy\/?p=15236\",\"url\":\"https:\/\/www.nutricion.edu.uy\/?p=15236\",\"name\":\"Curso Habilidades de liderazgo para la gesti\u00f3n del talento humano en los servicios de alimentaci\u00f3n colectiva - Escuela de Nutrici\u00f3n\",\"isPartOf\":{\"@id\":\"https:\/\/www.nutricion.edu.uy\/#website\"},\"primaryImageOfPage\":{\"@id\":\"https:\/\/www.nutricion.edu.uy\/?p=15236#primaryimage\"},\"image\":{\"@id\":\"https:\/\/www.nutricion.edu.uy\/?p=15236#primaryimage\"},\"thumbnailUrl\":\"https:\/\/www.nutricion.edu.uy\/wp-content\/uploads\/2026\/06\/Banner-web-cursos-ep-2026-1-e1785174714750.png\",\"datePublished\":\"2026-09-04T15:20:53+00:00\",\"dateModified\":\"2026-09-04T15:20:54+00:00\",\"description\":\"Nuevo curso de Educaci\u00f3n Permanente - Interpretaci\u00f3n de encuestas de consumo de alimentos desde la epidemiolog\u00eda nutricional\",\"breadcrumb\":{\"@id\":\"https:\/\/www.nutricion.edu.uy\/?p=15236#breadcrumb\"},\"inLanguage\":\"es\",\"potentialAction\":[{\"@type\":\"ReadAction\",\"target\":[\"https:\/\/www.nutricion.edu.uy\/?p=15236\"]}]},{\"@type\":\"ImageObject\",\"inLanguage\":\"es\",\"@id\":\"https:\/\/www.nutricion.edu.uy\/?p=15236#primaryimage\",\"url\":\"https:\/\/www.nutricion.edu.uy\/wp-content\/uploads\/2026\/06\/Banner-web-cursos-ep-2026-1-e1785174714750.png\",\"contentUrl\":\"https:\/\/www.nutricion.edu.uy\/wp-content\/uploads\/2026\/06\/Banner-web-cursos-ep-2026-1-e1785174714750.png\",\"width\":600,\"height\":200},{\"@type\":\"BreadcrumbList\",\"@id\":\"https:\/\/www.nutricion.edu.uy\/?p=15236#breadcrumb\",\"itemListElement\":[{\"@type\":\"ListItem\",\"position\":1,\"name\":\"Portada\",\"item\":\"https:\/\/www.nutricion.edu.uy\/\"},{\"@type\":\"ListItem\",\"position\":2,\"name\":\"Curso Habilidades de liderazgo para la gesti\u00f3n del talento humano en los servicios de alimentaci\u00f3n colectiva\"}]},{\"@type\":\"WebSite\",\"@id\":\"https:\/\/www.nutricion.edu.uy\/#website\",\"url\":\"https:\/\/www.nutricion.edu.uy\/\",\"name\":\"Escuela de Nutrici\u00f3n\",\"description\":\"Universidad de la Rep\u00fablica\",\"publisher\":{\"@id\":\"https:\/\/www.nutricion.edu.uy\/#organization\"},\"potentialAction\":[{\"@type\":\"SearchAction\",\"target\":{\"@type\":\"EntryPoint\",\"urlTemplate\":\"https:\/\/www.nutricion.edu.uy\/?s={search_term_string}\"},\"query-input\":{\"@type\":\"PropertyValueSpecification\",\"valueRequired\":true,\"valueName\":\"search_term_string\"}}],\"inLanguage\":\"es\"},{\"@type\":\"Organization\",\"@id\":\"https:\/\/www.nutricion.edu.uy\/#organization\",\"name\":\"Escuela de Nutrici\u00f3n Udelar\",\"url\":\"https:\/\/www.nutricion.edu.uy\/\",\"logo\":{\"@type\":\"ImageObject\",\"inLanguage\":\"es\",\"@id\":\"https:\/\/www.nutricion.edu.uy\/#\/schema\/logo\/image\/\",\"url\":\"https:\/\/www.nutricion.edu.uy\/wp-content\/uploads\/2018\/01\/logo_escuela.png\",\"contentUrl\":\"https:\/\/www.nutricion.edu.uy\/wp-content\/uploads\/2018\/01\/logo_escuela.png\",\"width\":257,\"height\":70,\"caption\":\"Escuela de Nutrici\u00f3n Udelar\"},\"image\":{\"@id\":\"https:\/\/www.nutricion.edu.uy\/#\/schema\/logo\/image\/\"}},{\"@type\":\"Person\",\"@id\":\"https:\/\/www.nutricion.edu.uy\/#\/schema\/person\/8c74eb41c645199d06c7ec360b3970b5\",\"name\":\"Paula Churi\",\"url\":\"https:\/\/www.nutricion.edu.uy\/?author=49\"}]}<\/script>\n<!-- \/ Yoast SEO plugin. -->","yoast_head_json":{"title":"Curso Habilidades de liderazgo para la gesti\u00f3n del talento humano en los servicios de alimentaci\u00f3n colectiva - Escuela de Nutrici\u00f3n","description":"Nuevo curso de Educaci\u00f3n Permanente - Interpretaci\u00f3n de encuestas de consumo de alimentos desde la epidemiolog\u00eda nutricional","robots":{"index":"index","follow":"follow","max-snippet":"max-snippet:-1","max-image-preview":"max-image-preview:large","max-video-preview":"max-video-preview:-1"},"canonical":"https:\/\/www.nutricion.edu.uy\/?p=15236","og_locale":"es_ES","og_type":"article","og_title":"Curso Habilidades de liderazgo para la gesti\u00f3n del talento humano en los servicios de alimentaci\u00f3n colectiva - Escuela de Nutrici\u00f3n","og_description":"Nuevo curso de Educaci\u00f3n Permanente - Interpretaci\u00f3n de encuestas de consumo de alimentos desde la epidemiolog\u00eda nutricional","og_url":"https:\/\/www.nutricion.edu.uy\/?p=15236","og_site_name":"Escuela de Nutrici\u00f3n","article_published_time":"2026-09-04T15:20:53+00:00","article_modified_time":"2026-09-04T15:20:54+00:00","og_image":[{"width":600,"height":200,"url":"https:\/\/www.nutricion.edu.uy\/wp-content\/uploads\/2026\/06\/Banner-web-cursos-ep-2026-1-e1785174714750.png","type":"image\/png"}],"author":"Paula Churi","twitter_card":"summary_large_image","twitter_misc":{"Escrito por":"Paula Churi","Tiempo de lectura":"2 minutos"},"schema":{"@context":"https:\/\/schema.org","@graph":[{"@type":"Article","@id":"https:\/\/www.nutricion.edu.uy\/?p=15236#article","isPartOf":{"@id":"https:\/\/www.nutricion.edu.uy\/?p=15236"},"author":{"name":"Paula Churi","@id":"https:\/\/www.nutricion.edu.uy\/#\/schema\/person\/8c74eb41c645199d06c7ec360b3970b5"},"headline":"Curso Habilidades de liderazgo para la gesti\u00f3n del talento humano en los servicios de alimentaci\u00f3n colectiva","datePublished":"2026-09-04T15:20:53+00:00","dateModified":"2026-09-04T15:20:54+00:00","mainEntityOfPage":{"@id":"https:\/\/www.nutricion.edu.uy\/?p=15236"},"wordCount":289,"publisher":{"@id":"https:\/\/www.nutricion.edu.uy\/#organization"},"image":{"@id":"https:\/\/www.nutricion.edu.uy\/?p=15236#primaryimage"},"thumbnailUrl":"https:\/\/www.nutricion.edu.uy\/wp-content\/uploads\/2026\/06\/Banner-web-cursos-ep-2026-1-e1785174714750.png","articleSection":["Educaci\u00f3n Permanente"],"inLanguage":"es"},{"@type":"WebPage","@id":"https:\/\/www.nutricion.edu.uy\/?p=15236","url":"https:\/\/www.nutricion.edu.uy\/?p=15236","name":"Curso Habilidades de liderazgo para la gesti\u00f3n del talento humano en los servicios de alimentaci\u00f3n colectiva - Escuela de Nutrici\u00f3n","isPartOf":{"@id":"https:\/\/www.nutricion.edu.uy\/#website"},"primaryImageOfPage":{"@id":"https:\/\/www.nutricion.edu.uy\/?p=15236#primaryimage"},"image":{"@id":"https:\/\/www.nutricion.edu.uy\/?p=15236#primaryimage"},"thumbnailUrl":"https:\/\/www.nutricion.edu.uy\/wp-content\/uploads\/2026\/06\/Banner-web-cursos-ep-2026-1-e1785174714750.png","datePublished":"2026-09-04T15:20:53+00:00","dateModified":"2026-09-04T15:20:54+00:00","description":"Nuevo curso de Educaci\u00f3n Permanente - Interpretaci\u00f3n de encuestas de consumo de alimentos desde la epidemiolog\u00eda nutricional","breadcrumb":{"@id":"https:\/\/www.nutricion.edu.uy\/?p=15236#breadcrumb"},"inLanguage":"es","potentialAction":[{"@type":"ReadAction","target":["https:\/\/www.nutricion.edu.uy\/?p=15236"]}]},{"@type":"ImageObject","inLanguage":"es","@id":"https:\/\/www.nutricion.edu.uy\/?p=15236#primaryimage","url":"https:\/\/www.nutricion.edu.uy\/wp-content\/uploads\/2026\/06\/Banner-web-cursos-ep-2026-1-e1785174714750.png","contentUrl":"https:\/\/www.nutricion.edu.uy\/wp-content\/uploads\/2026\/06\/Banner-web-cursos-ep-2026-1-e1785174714750.png","width":600,"height":200},{"@type":"BreadcrumbList","@id":"https:\/\/www.nutricion.edu.uy\/?p=15236#breadcrumb","itemListElement":[{"@type":"ListItem","position":1,"name":"Portada","item":"https:\/\/www.nutricion.edu.uy\/"},{"@type":"ListItem","position":2,"name":"Curso Habilidades de liderazgo para la gesti\u00f3n del talento humano en los servicios de alimentaci\u00f3n colectiva"}]},{"@type":"WebSite","@id":"https:\/\/www.nutricion.edu.uy\/#website","url":"https:\/\/www.nutricion.edu.uy\/","name":"Escuela de Nutrici\u00f3n","description":"Universidad de la Rep\u00fablica","publisher":{"@id":"https:\/\/www.nutricion.edu.uy\/#organization"},"potentialAction":[{"@type":"SearchAction","target":{"@type":"EntryPoint","urlTemplate":"https:\/\/www.nutricion.edu.uy\/?s={search_term_string}"},"query-input":{"@type":"PropertyValueSpecification","valueRequired":true,"valueName":"search_term_string"}}],"inLanguage":"es"},{"@type":"Organization","@id":"https:\/\/www.nutricion.edu.uy\/#organization","name":"Escuela de Nutrici\u00f3n Udelar","url":"https:\/\/www.nutricion.edu.uy\/","logo":{"@type":"ImageObject","inLanguage":"es","@id":"https:\/\/www.nutricion.edu.uy\/#\/schema\/logo\/image\/","url":"https:\/\/www.nutricion.edu.uy\/wp-content\/uploads\/2018\/01\/logo_escuela.png","contentUrl":"https:\/\/www.nutricion.edu.uy\/wp-content\/uploads\/2018\/01\/logo_escuela.png","width":257,"height":70,"caption":"Escuela de Nutrici\u00f3n Udelar"},"image":{"@id":"https:\/\/www.nutricion.edu.uy\/#\/schema\/logo\/image\/"}},{"@type":"Person","@id":"https:\/\/www.nutricion.edu.uy\/#\/schema\/person\/8c74eb41c645199d06c7ec360b3970b5","name":"Paula Churi","url":"https:\/\/www.nutricion.edu.uy\/?author=49"}]}},"_links":{"self":[{"href":"https:\/\/www.nutricion.edu.uy\/index.php?rest_route=\/wp\/v2\/posts\/15236","targetHints":{"allow":["GET"]}}],"collection":[{"href":"https:\/\/www.nutricion.edu.uy\/index.php?rest_route=\/wp\/v2\/posts"}],"about":[{"href":"https:\/\/www.nutricion.edu.uy\/index.php?rest_route=\/wp\/v2\/types\/post"}],"author":[{"embeddable":true,"href":"https:\/\/www.nutricion.edu.uy\/index.php?rest_route=\/wp\/v2\/users\/49"}],"replies":[{"embeddable":true,"href":"https:\/\/www.nutricion.edu.uy\/index.php?rest_route=%2Fwp%2Fv2%2Fcomments&post=15236"}],"version-history":[{"count":1,"href":"https:\/\/www.nutricion.edu.uy\/index.php?rest_route=\/wp\/v2\/posts\/15236\/revisions"}],"predecessor-version":[{"id":15237,"href":"https:\/\/www.nutricion.edu.uy\/index.php?rest_route=\/wp\/v2\/posts\/15236\/revisions\/15237"}],"wp:featuredmedia":[{"embeddable":true,"href":"https:\/\/www.nutricion.edu.uy\/index.php?rest_route=\/wp\/v2\/media\/15026"}],"wp:attachment":[{"href":"https:\/\/www.nutricion.edu.uy\/index.php?rest_route=%2Fwp%2Fv2%2Fmedia&parent=15236"}],"wp:term":[{"taxonomy":"category","embeddable":true,"href":"https:\/\/www.nutricion.edu.uy\/index.php?rest_route=%2Fwp%2Fv2%2Fcategories&post=15236"},{"taxonomy":"post_tag","embeddable":true,"href":"https:\/\/www.nutricion.edu.uy\/index.php?rest_route=%2Fwp%2Fv2%2Ftags&post=15236"}],"curies":[{"name":"wp","href":"https:\/\/api.w.org\/{rel}","templated":true}]}}