{"id":6039,"date":"2020-12-23T14:45:52","date_gmt":"2020-12-23T17:45:52","guid":{"rendered":"https:\/\/www.nutricion.edu.uy\/?p=6039"},"modified":"2021-02-22T03:16:00","modified_gmt":"2021-02-22T06:16:00","slug":"calendario-examenes-febrero-2021-planes-98-y-2014","status":"publish","type":"post","link":"https:\/\/www.nutricion.edu.uy\/?p=6039","title":{"rendered":"Calendario ex\u00e1menes Febrero 2021. Planes 98 y 2014."},"content":{"rendered":"\n<p class=\"has-text-align-left\">LOS ESTUDIANTES DEBER\u00c1N INSCRIBIRSE EN FORMA CONDICIONAL EN CASO DE NO TENER A\u00daN NOTAS DE EX\u00c1MENES PREVIOS<\/p>\n\n\n\n<p class=\"has-text-align-left\">SI NO ESTUVIESEN HABILITADOS, SER\u00c1N BORRADOS AUTOM\u00c1TICAMENTE POR BEDEL\u00cdA.<\/p>\n\n\n\n<p class=\"has-text-align-left\">RECUPERACI\u00d3N MARZO 2020: INSCRIPCIONES y BORRADO: 4 al 10 de enero 2021. &#8211; P98 a trav\u00e9s de <a href=\"https:\/\/eva.nutricion.udelar.edu.uy\/\" target=\"_blank\" rel=\"noopener\">EVA<\/a>. &#8211; P2014: por<a href=\"https:\/\/bedelias.udelar.edu.uy\/\" target=\"_blank\" rel=\"noopener\"> bedelias.udelar.edu.uy<\/a><\/p>\n\n\n\n<p class=\"has-text-align-left\">PLAN 98: INSCRIPCIONES y BORRADO: 11 al 24 de enero 2021, por <a href=\"https:\/\/bedelias.udelar.edu.uy\/\" target=\"_blank\" rel=\"noopener\">bedelias.udelar.edu.uy<\/a><\/p>\n\n\n\n<p class=\"has-text-align-left\">PLAN 98 QUE CURS\u00d3 EN PLAN 2014: INSCRIPCIONES y BORRADO: 11 al 24 de enero 2021 a trav\u00e9s de <a href=\"https:\/\/eva.nutricion.udelar.edu.uy\/\" target=\"_blank\" rel=\"noopener\">EVA.<\/a><\/p>\n\n\n\n<p class=\"has-text-align-left\">PLAN 2014: INSCRIPCIONES y BORRADO: a partir del 11 de enero 2021 y hasta 5 d\u00edas h\u00e1biles previos a la fecha del examen, por <a href=\"https:\/\/bedelias.udelar.edu.uy\/\" target=\"_blank\" rel=\"noopener\">bedelias.udelar.edu.uy<\/a><\/p>\n\n\n\n<div class=\"wp-block-image\"><figure class=\"aligncenter\"><img fetchpriority=\"high\" decoding=\"async\" width=\"2560\" height=\"1629\" src=\"https:\/\/www.nutricion.edu.uy\/wp-content\/uploads\/2020\/12\/calendarioFebrero2021-scaled.jpg\" alt=\"Calendario Febrero 2021\" class=\"wp-image-6041\" srcset=\"https:\/\/www.nutricion.edu.uy\/wp-content\/uploads\/2020\/12\/calendarioFebrero2021-scaled.jpg 2560w, https:\/\/www.nutricion.edu.uy\/wp-content\/uploads\/2020\/12\/calendarioFebrero2021-300x191.jpg 300w, https:\/\/www.nutricion.edu.uy\/wp-content\/uploads\/2020\/12\/calendarioFebrero2021-1024x652.jpg 1024w, https:\/\/www.nutricion.edu.uy\/wp-content\/uploads\/2020\/12\/calendarioFebrero2021-768x489.jpg 768w, https:\/\/www.nutricion.edu.uy\/wp-content\/uploads\/2020\/12\/calendarioFebrero2021-1536x978.jpg 1536w, https:\/\/www.nutricion.edu.uy\/wp-content\/uploads\/2020\/12\/calendarioFebrero2021-2048x1303.jpg 2048w\" sizes=\"(max-width: 2560px) 100vw, 2560px\" \/><\/figure><\/div>\n\n\n\n<p><strong>Se recuerda la siguiente adecuaci\u00f3n a las disposiciones reglamentarias P14.<\/strong><\/p>\n\n\n\n<p>Art\u00edculo 27 original: El plazo para anular la inscripci\u00f3n a un examen ser\u00e1 desde el primer d\u00eda de inscripci\u00f3n, y hasta cinco d\u00edas h\u00e1biles previos a la fecha de la prueba. En el caso de no hacerlo y no presentarse a rendir la misma, el estudiante ser\u00e1 sancionado, no pudiendo presentarse al examen de la misma asignatura en el siguiente per\u00edodo ordinario.<\/p>\n\n\n\n<p><strong>Se adecua por:<\/strong><\/p>\n\n\n\n<p>Art\u00edculo 27 adecuaci\u00f3n (julio 2020): <strong>El plazo para anular la inscripci\u00f3n a un examen ser\u00e1 desde el primer d\u00eda de inscripci\u00f3n, y hasta cinco d\u00edas h\u00e1biles previos a la fecha de la prueba.*<\/strong><\/p>\n\n\n\n<p class=\"has-text-align-center\"><a href=\"\/wp-content\/uploads\/2020\/12\/ExamenesFebrero2021.pdf\">Descargar pdf<img decoding=\"async\" width=\"25\" height=\"25\" class=\"wp-image-1576\" style=\"width: 25px;\" src=\"https:\/\/www.nutricion.edu.uy\/wp-content\/uploads\/2019\/09\/pdf-file.png\" alt=\"\"><\/a><\/p>\n","protected":false},"excerpt":{"rendered":"<p>LOS ESTUDIANTES DEBER\u00c1N INSCRIBIRSE EN FORMA CONDICIONAL EN CASO DE NO TENER A\u00daN NOTAS DE EX\u00c1MENES PREVIOS SI NO ESTUVIESEN HABILITADOS, SER\u00c1N BORRADOS AUTOM\u00c1TICAMENTE POR BEDEL\u00cdA. RECUPERACI\u00d3N MARZO 2020: INSCRIPCIONES y BORRADO: 4 al 10 de enero 2021. &#8211; P98 a trav\u00e9s de EVA. &#8211; P2014: por bedelias.udelar.edu.uy PLAN 98: INSCRIPCIONES y BORRADO: 11 al&hellip;<\/p>\n","protected":false},"author":8,"featured_media":6043,"comment_status":"closed","ping_status":"closed","sticky":false,"template":"","format":"standard","meta":{"footnotes":""},"categories":[4,11],"tags":[],"class_list":["post-6039","post","type-post","status-publish","format-standard","has-post-thumbnail","hentry","category-bedelia","category-inicio"],"yoast_head":"<!-- This site is optimized with the Yoast SEO plugin v24.9 - https:\/\/yoast.com\/wordpress\/plugins\/seo\/ -->\n<title>Calendario ex\u00e1menes Febrero 2021. Planes 98 y 2014. - Escuela de Nutrici\u00f3n<\/title>\n<meta name=\"robots\" content=\"index, follow, max-snippet:-1, max-image-preview:large, max-video-preview:-1\" \/>\n<link rel=\"canonical\" href=\"https:\/\/www.nutricion.edu.uy\/?p=6039\" \/>\n<meta property=\"og:locale\" content=\"es_ES\" \/>\n<meta property=\"og:type\" content=\"article\" \/>\n<meta property=\"og:title\" content=\"Calendario ex\u00e1menes Febrero 2021. Planes 98 y 2014. - Escuela de Nutrici\u00f3n\" \/>\n<meta property=\"og:description\" content=\"LOS ESTUDIANTES DEBER\u00c1N INSCRIBIRSE EN FORMA CONDICIONAL EN CASO DE NO TENER A\u00daN NOTAS DE EX\u00c1MENES PREVIOS SI NO ESTUVIESEN HABILITADOS, SER\u00c1N BORRADOS AUTOM\u00c1TICAMENTE POR BEDEL\u00cdA. RECUPERACI\u00d3N MARZO 2020: INSCRIPCIONES y BORRADO: 4 al 10 de enero 2021. &#8211; P98 a trav\u00e9s de EVA. &#8211; P2014: por bedelias.udelar.edu.uy PLAN 98: INSCRIPCIONES y BORRADO: 11 al&hellip;\" \/>\n<meta property=\"og:url\" content=\"https:\/\/www.nutricion.edu.uy\/?p=6039\" \/>\n<meta property=\"og:site_name\" content=\"Escuela de Nutrici\u00f3n\" \/>\n<meta property=\"article:published_time\" content=\"2020-12-23T17:45:52+00:00\" \/>\n<meta property=\"article:modified_time\" content=\"2021-02-22T06:16:00+00:00\" \/>\n<meta property=\"og:image\" content=\"https:\/\/www.nutricion.edu.uy\/wp-content\/uploads\/2020\/12\/day-planner-828611_640.jpg\" \/>\n\t<meta property=\"og:image:width\" content=\"640\" \/>\n\t<meta property=\"og:image:height\" content=\"428\" \/>\n\t<meta property=\"og:image:type\" content=\"image\/jpeg\" \/>\n<meta name=\"author\" content=\"Escuela de Nutrici\u00f3n\" \/>\n<meta name=\"twitter:card\" content=\"summary_large_image\" \/>\n<meta name=\"twitter:label1\" content=\"Escrito por\" \/>\n\t<meta name=\"twitter:data1\" content=\"Escuela de Nutrici\u00f3n\" \/>\n\t<meta name=\"twitter:label2\" content=\"Tiempo de lectura\" \/>\n\t<meta name=\"twitter:data2\" content=\"2 minutos\" \/>\n<script type=\"application\/ld+json\" class=\"yoast-schema-graph\">{\"@context\":\"https:\/\/schema.org\",\"@graph\":[{\"@type\":\"Article\",\"@id\":\"https:\/\/www.nutricion.edu.uy\/?p=6039#article\",\"isPartOf\":{\"@id\":\"https:\/\/www.nutricion.edu.uy\/?p=6039\"},\"author\":{\"name\":\"Escuela de Nutrici\u00f3n\",\"@id\":\"https:\/\/www.nutricion.edu.uy\/#\/schema\/person\/6ed34882d00531e9917f6f90947d9ea3\"},\"headline\":\"Calendario ex\u00e1menes Febrero 2021. Planes 98 y 2014.\",\"datePublished\":\"2020-12-23T17:45:52+00:00\",\"dateModified\":\"2021-02-22T06:16:00+00:00\",\"mainEntityOfPage\":{\"@id\":\"https:\/\/www.nutricion.edu.uy\/?p=6039\"},\"wordCount\":237,\"publisher\":{\"@id\":\"https:\/\/www.nutricion.edu.uy\/#organization\"},\"image\":{\"@id\":\"https:\/\/www.nutricion.edu.uy\/?p=6039#primaryimage\"},\"thumbnailUrl\":\"https:\/\/www.nutricion.edu.uy\/wp-content\/uploads\/2020\/12\/day-planner-828611_640.jpg\",\"articleSection\":[\"Bedelia\",\"Inicio\"],\"inLanguage\":\"es\"},{\"@type\":\"WebPage\",\"@id\":\"https:\/\/www.nutricion.edu.uy\/?p=6039\",\"url\":\"https:\/\/www.nutricion.edu.uy\/?p=6039\",\"name\":\"Calendario ex\u00e1menes Febrero 2021. Planes 98 y 2014. - Escuela de Nutrici\u00f3n\",\"isPartOf\":{\"@id\":\"https:\/\/www.nutricion.edu.uy\/#website\"},\"primaryImageOfPage\":{\"@id\":\"https:\/\/www.nutricion.edu.uy\/?p=6039#primaryimage\"},\"image\":{\"@id\":\"https:\/\/www.nutricion.edu.uy\/?p=6039#primaryimage\"},\"thumbnailUrl\":\"https:\/\/www.nutricion.edu.uy\/wp-content\/uploads\/2020\/12\/day-planner-828611_640.jpg\",\"datePublished\":\"2020-12-23T17:45:52+00:00\",\"dateModified\":\"2021-02-22T06:16:00+00:00\",\"breadcrumb\":{\"@id\":\"https:\/\/www.nutricion.edu.uy\/?p=6039#breadcrumb\"},\"inLanguage\":\"es\",\"potentialAction\":[{\"@type\":\"ReadAction\",\"target\":[\"https:\/\/www.nutricion.edu.uy\/?p=6039\"]}]},{\"@type\":\"ImageObject\",\"inLanguage\":\"es\",\"@id\":\"https:\/\/www.nutricion.edu.uy\/?p=6039#primaryimage\",\"url\":\"https:\/\/www.nutricion.edu.uy\/wp-content\/uploads\/2020\/12\/day-planner-828611_640.jpg\",\"contentUrl\":\"https:\/\/www.nutricion.edu.uy\/wp-content\/uploads\/2020\/12\/day-planner-828611_640.jpg\",\"width\":640,\"height\":428},{\"@type\":\"BreadcrumbList\",\"@id\":\"https:\/\/www.nutricion.edu.uy\/?p=6039#breadcrumb\",\"itemListElement\":[{\"@type\":\"ListItem\",\"position\":1,\"name\":\"Portada\",\"item\":\"https:\/\/www.nutricion.edu.uy\/\"},{\"@type\":\"ListItem\",\"position\":2,\"name\":\"Calendario ex\u00e1menes Febrero 2021. Planes 98 y 2014.\"}]},{\"@type\":\"WebSite\",\"@id\":\"https:\/\/www.nutricion.edu.uy\/#website\",\"url\":\"https:\/\/www.nutricion.edu.uy\/\",\"name\":\"Escuela de Nutrici\u00f3n\",\"description\":\"Universidad de la Rep\u00fablica\",\"publisher\":{\"@id\":\"https:\/\/www.nutricion.edu.uy\/#organization\"},\"potentialAction\":[{\"@type\":\"SearchAction\",\"target\":{\"@type\":\"EntryPoint\",\"urlTemplate\":\"https:\/\/www.nutricion.edu.uy\/?s={search_term_string}\"},\"query-input\":{\"@type\":\"PropertyValueSpecification\",\"valueRequired\":true,\"valueName\":\"search_term_string\"}}],\"inLanguage\":\"es\"},{\"@type\":\"Organization\",\"@id\":\"https:\/\/www.nutricion.edu.uy\/#organization\",\"name\":\"Escuela de Nutrici\u00f3n Udelar\",\"url\":\"https:\/\/www.nutricion.edu.uy\/\",\"logo\":{\"@type\":\"ImageObject\",\"inLanguage\":\"es\",\"@id\":\"https:\/\/www.nutricion.edu.uy\/#\/schema\/logo\/image\/\",\"url\":\"https:\/\/www.nutricion.edu.uy\/wp-content\/uploads\/2018\/01\/logo_escuela.png\",\"contentUrl\":\"https:\/\/www.nutricion.edu.uy\/wp-content\/uploads\/2018\/01\/logo_escuela.png\",\"width\":257,\"height\":70,\"caption\":\"Escuela de Nutrici\u00f3n Udelar\"},\"image\":{\"@id\":\"https:\/\/www.nutricion.edu.uy\/#\/schema\/logo\/image\/\"}},{\"@type\":\"Person\",\"@id\":\"https:\/\/www.nutricion.edu.uy\/#\/schema\/person\/6ed34882d00531e9917f6f90947d9ea3\",\"name\":\"Escuela de Nutrici\u00f3n\",\"url\":\"https:\/\/www.nutricion.edu.uy\/?author=8\"}]}<\/script>\n<!-- \/ Yoast SEO plugin. -->","yoast_head_json":{"title":"Calendario ex\u00e1menes Febrero 2021. Planes 98 y 2014. - Escuela de Nutrici\u00f3n","robots":{"index":"index","follow":"follow","max-snippet":"max-snippet:-1","max-image-preview":"max-image-preview:large","max-video-preview":"max-video-preview:-1"},"canonical":"https:\/\/www.nutricion.edu.uy\/?p=6039","og_locale":"es_ES","og_type":"article","og_title":"Calendario ex\u00e1menes Febrero 2021. Planes 98 y 2014. - Escuela de Nutrici\u00f3n","og_description":"LOS ESTUDIANTES DEBER\u00c1N INSCRIBIRSE EN FORMA CONDICIONAL EN CASO DE NO TENER A\u00daN NOTAS DE EX\u00c1MENES PREVIOS SI NO ESTUVIESEN HABILITADOS, SER\u00c1N BORRADOS AUTOM\u00c1TICAMENTE POR BEDEL\u00cdA. RECUPERACI\u00d3N MARZO 2020: INSCRIPCIONES y BORRADO: 4 al 10 de enero 2021. &#8211; P98 a trav\u00e9s de EVA. &#8211; P2014: por bedelias.udelar.edu.uy PLAN 98: INSCRIPCIONES y BORRADO: 11 al&hellip;","og_url":"https:\/\/www.nutricion.edu.uy\/?p=6039","og_site_name":"Escuela de Nutrici\u00f3n","article_published_time":"2020-12-23T17:45:52+00:00","article_modified_time":"2021-02-22T06:16:00+00:00","og_image":[{"width":640,"height":428,"url":"https:\/\/www.nutricion.edu.uy\/wp-content\/uploads\/2020\/12\/day-planner-828611_640.jpg","type":"image\/jpeg"}],"author":"Escuela de Nutrici\u00f3n","twitter_card":"summary_large_image","twitter_misc":{"Escrito por":"Escuela de Nutrici\u00f3n","Tiempo de lectura":"2 minutos"},"schema":{"@context":"https:\/\/schema.org","@graph":[{"@type":"Article","@id":"https:\/\/www.nutricion.edu.uy\/?p=6039#article","isPartOf":{"@id":"https:\/\/www.nutricion.edu.uy\/?p=6039"},"author":{"name":"Escuela de Nutrici\u00f3n","@id":"https:\/\/www.nutricion.edu.uy\/#\/schema\/person\/6ed34882d00531e9917f6f90947d9ea3"},"headline":"Calendario ex\u00e1menes Febrero 2021. Planes 98 y 2014.","datePublished":"2020-12-23T17:45:52+00:00","dateModified":"2021-02-22T06:16:00+00:00","mainEntityOfPage":{"@id":"https:\/\/www.nutricion.edu.uy\/?p=6039"},"wordCount":237,"publisher":{"@id":"https:\/\/www.nutricion.edu.uy\/#organization"},"image":{"@id":"https:\/\/www.nutricion.edu.uy\/?p=6039#primaryimage"},"thumbnailUrl":"https:\/\/www.nutricion.edu.uy\/wp-content\/uploads\/2020\/12\/day-planner-828611_640.jpg","articleSection":["Bedelia","Inicio"],"inLanguage":"es"},{"@type":"WebPage","@id":"https:\/\/www.nutricion.edu.uy\/?p=6039","url":"https:\/\/www.nutricion.edu.uy\/?p=6039","name":"Calendario ex\u00e1menes Febrero 2021. Planes 98 y 2014. - Escuela de Nutrici\u00f3n","isPartOf":{"@id":"https:\/\/www.nutricion.edu.uy\/#website"},"primaryImageOfPage":{"@id":"https:\/\/www.nutricion.edu.uy\/?p=6039#primaryimage"},"image":{"@id":"https:\/\/www.nutricion.edu.uy\/?p=6039#primaryimage"},"thumbnailUrl":"https:\/\/www.nutricion.edu.uy\/wp-content\/uploads\/2020\/12\/day-planner-828611_640.jpg","datePublished":"2020-12-23T17:45:52+00:00","dateModified":"2021-02-22T06:16:00+00:00","breadcrumb":{"@id":"https:\/\/www.nutricion.edu.uy\/?p=6039#breadcrumb"},"inLanguage":"es","potentialAction":[{"@type":"ReadAction","target":["https:\/\/www.nutricion.edu.uy\/?p=6039"]}]},{"@type":"ImageObject","inLanguage":"es","@id":"https:\/\/www.nutricion.edu.uy\/?p=6039#primaryimage","url":"https:\/\/www.nutricion.edu.uy\/wp-content\/uploads\/2020\/12\/day-planner-828611_640.jpg","contentUrl":"https:\/\/www.nutricion.edu.uy\/wp-content\/uploads\/2020\/12\/day-planner-828611_640.jpg","width":640,"height":428},{"@type":"BreadcrumbList","@id":"https:\/\/www.nutricion.edu.uy\/?p=6039#breadcrumb","itemListElement":[{"@type":"ListItem","position":1,"name":"Portada","item":"https:\/\/www.nutricion.edu.uy\/"},{"@type":"ListItem","position":2,"name":"Calendario ex\u00e1menes Febrero 2021. Planes 98 y 2014."}]},{"@type":"WebSite","@id":"https:\/\/www.nutricion.edu.uy\/#website","url":"https:\/\/www.nutricion.edu.uy\/","name":"Escuela de Nutrici\u00f3n","description":"Universidad de la Rep\u00fablica","publisher":{"@id":"https:\/\/www.nutricion.edu.uy\/#organization"},"potentialAction":[{"@type":"SearchAction","target":{"@type":"EntryPoint","urlTemplate":"https:\/\/www.nutricion.edu.uy\/?s={search_term_string}"},"query-input":{"@type":"PropertyValueSpecification","valueRequired":true,"valueName":"search_term_string"}}],"inLanguage":"es"},{"@type":"Organization","@id":"https:\/\/www.nutricion.edu.uy\/#organization","name":"Escuela de Nutrici\u00f3n Udelar","url":"https:\/\/www.nutricion.edu.uy\/","logo":{"@type":"ImageObject","inLanguage":"es","@id":"https:\/\/www.nutricion.edu.uy\/#\/schema\/logo\/image\/","url":"https:\/\/www.nutricion.edu.uy\/wp-content\/uploads\/2018\/01\/logo_escuela.png","contentUrl":"https:\/\/www.nutricion.edu.uy\/wp-content\/uploads\/2018\/01\/logo_escuela.png","width":257,"height":70,"caption":"Escuela de Nutrici\u00f3n Udelar"},"image":{"@id":"https:\/\/www.nutricion.edu.uy\/#\/schema\/logo\/image\/"}},{"@type":"Person","@id":"https:\/\/www.nutricion.edu.uy\/#\/schema\/person\/6ed34882d00531e9917f6f90947d9ea3","name":"Escuela de Nutrici\u00f3n","url":"https:\/\/www.nutricion.edu.uy\/?author=8"}]}},"_links":{"self":[{"href":"https:\/\/www.nutricion.edu.uy\/index.php?rest_route=\/wp\/v2\/posts\/6039","targetHints":{"allow":["GET"]}}],"collection":[{"href":"https:\/\/www.nutricion.edu.uy\/index.php?rest_route=\/wp\/v2\/posts"}],"about":[{"href":"https:\/\/www.nutricion.edu.uy\/index.php?rest_route=\/wp\/v2\/types\/post"}],"author":[{"embeddable":true,"href":"https:\/\/www.nutricion.edu.uy\/index.php?rest_route=\/wp\/v2\/users\/8"}],"replies":[{"embeddable":true,"href":"https:\/\/www.nutricion.edu.uy\/index.php?rest_route=%2Fwp%2Fv2%2Fcomments&post=6039"}],"version-history":[{"count":7,"href":"https:\/\/www.nutricion.edu.uy\/index.php?rest_route=\/wp\/v2\/posts\/6039\/revisions"}],"predecessor-version":[{"id":6060,"href":"https:\/\/www.nutricion.edu.uy\/index.php?rest_route=\/wp\/v2\/posts\/6039\/revisions\/6060"}],"wp:featuredmedia":[{"embeddable":true,"href":"https:\/\/www.nutricion.edu.uy\/index.php?rest_route=\/wp\/v2\/media\/6043"}],"wp:attachment":[{"href":"https:\/\/www.nutricion.edu.uy\/index.php?rest_route=%2Fwp%2Fv2%2Fmedia&parent=6039"}],"wp:term":[{"taxonomy":"category","embeddable":true,"href":"https:\/\/www.nutricion.edu.uy\/index.php?rest_route=%2Fwp%2Fv2%2Fcategories&post=6039"},{"taxonomy":"post_tag","embeddable":true,"href":"https:\/\/www.nutricion.edu.uy\/index.php?rest_route=%2Fwp%2Fv2%2Ftags&post=6039"}],"curies":[{"name":"wp","href":"https:\/\/api.w.org\/{rel}","templated":true}]}}