{"id":9847,"date":"2023-02-02T12:00:15","date_gmt":"2023-02-02T15:00:15","guid":{"rendered":"https:\/\/www.nutricion.edu.uy\/?p=9847"},"modified":"2023-02-03T13:10:17","modified_gmt":"2023-02-03T16:10:17","slug":"inscripciones-2023","status":"publish","type":"post","link":"https:\/\/www.nutricion.edu.uy\/?p=9847","title":{"rendered":"INSCRIPCIONES 2023"},"content":{"rendered":"<a href=\"https:\/\/www.nutricion.edu.uy\/wp-content\/uploads\/2023\/02\/Inscripciones-EN-2023.pdf\" class=\"pdfemb-viewer\" style=\"\" data-width=\"max\" data-height=\"max\" data-toolbar=\"bottom\" data-toolbar-fixed=\"off\">Inscripciones-EN-2023<\/a>\n<p class=\"wp-block-pdfemb-pdf-embedder-viewer\"><\/p>\n\n\n\n<h2 class=\"has-black-color has-vivid-purple-background-color has-text-color has-background has-large-font-size wp-block-heading\"><strong>1. Preparate<\/strong><\/h2>\n\n\n\n<p class=\"has-medium-font-size\">Para comenzar, consult\u00e1 el sitio web del servicio universitario (Facultad, Instituto, Escuela o Centro Universitario Regional) donde quieras estudiar para obtener mayor informaci\u00f3n sobre los requisitos y la documentaci\u00f3n necesaria para la inscripci\u00f3n.<\/p>\n\n\n\n<p class=\"has-medium-font-size\">La certificaci\u00f3n de haber finalizado tus estudios secundarios la ten\u00e9s que solicitar donde cursaste tu \u00faltimo a\u00f1o:<\/p>\n\n\n\n<ul class=\"wp-block-list\">\n<li><strong>Estudiantes de ANEP que culminan secundaria y UTU:<\/strong> deb\u00e9s solicitar en tu centro educativo que se registre tu egreso en el sistema inform\u00e1tico. La Udelar, conectada a ese sistema, revisa la certificaci\u00f3n de estudios culminados de cada estudiante. Estudiantes de los liceos militar y policial tambi\u00e9n est\u00e1n incluidos en este sistema.<\/li>\n\n\n\n<li><strong>Estudiantes de ense\u00f1anza privada: <\/strong>deb\u00e9ssolicitarle a la instituci\u00f3n la F\u00f3rmula 69A o B dirigida a la Udelar, que luego tendr\u00e1s que subir en la plataforma de inscripciones.<\/li>\n<\/ul>\n\n\n\n<p class=\"has-medium-font-size\"><strong>Migrantes:<\/strong> Si sos estudiante con nacionalidad extranjera o uruguaya y culminaste tus estudios secundarios o iniciaste una carrera universitaria en el exterior, consult\u00e1 en <a href=\"http:\/\/www.udelar.edu.uy\/generacion2023\/migrantes\"><strong>www.udelar.edu.uy\/generacion2023\/migrantes<\/strong><\/a><\/p>\n\n\n\n<h2 class=\"has-black-color has-vivid-purple-background-color has-text-color has-background has-large-font-size wp-block-heading\"><strong>2. Obten\u00e9 tu identidad digital<\/strong><\/h2>\n\n\n\n<p class=\"has-medium-font-size\">Ser\u00e1 necesario que obtengas una identidad digital gratuita, a la que pod\u00e9s acceder por estas v\u00edas:<\/p>\n\n\n\n<ul class=\"wp-block-list\">\n<li><strong>Usuario Udelar:<\/strong> si ya sos funcionaria\/o, docente o estudiante de otra carrera, pod\u00e9s usar tu Usuario Udelar para ingresar al sistema.<\/li>\n\n\n\n<li><strong>Usuario GUB.UY:<\/strong> lo proporciona el Estado uruguayo a trav\u00e9s de <a href=\"http:\/\/www.gub.uy\/\">www.gub.uy<\/a>. En este <a href=\"https:\/\/www.youtube.com\/watch?v=exiTCFSq0TA\">tutorial<\/a> encontrar\u00e1s los pasos a seguir para obtenerlo.<\/li>\n\n\n\n<li><strong>Usuario TuID:<\/strong> lo otorga ANTEL y pod\u00e9s solicitarlo en <a href=\"http:\/\/www.tuid.uy\/\">www.tuid.uy<\/a>. En este <a href=\"https:\/\/youtu.be\/MwgwTxr_y04\">tutorial<\/a> encontrar\u00e1s los pasos a seguir para gestionarlo.<\/li>\n<\/ul>\n\n\n\n<h2 class=\"has-black-color has-vivid-purple-background-color has-text-color has-background has-large-font-size wp-block-heading\"><strong>3. Inscribite en la Udelar<\/strong><\/h2>\n\n\n\n<p class=\"has-medium-font-size\">Para iniciar tu preinscripci\u00f3n, ingres\u00e1 al sitio <a href=\"http:\/\/bedelias.udelar.edu.uy\/\">bedelias.udelar.edu.uy<\/a> y clique\u00e1 en el bot\u00f3n \u00ab2023 INGRESOS\u00bb, en la esquina superior izquierda de la pantalla. En la p\u00e1gina inicial encontrar\u00e1s la misma informaci\u00f3n que en este instructivo.<\/p>\n\n\n\n<p class=\"has-medium-font-size\">Presion\u00e1 el bot\u00f3n \u00abIniciar inscripci\u00f3n\u00bb, ubicado en la parte inferior de la pantalla. Luego, seleccion\u00e1 el m\u00e9todo de autenticaci\u00f3n que usar\u00e1s para identificarte.<\/p>\n\n\n\n<p class=\"has-medium-font-size\"><strong>IMPORTANTE: <\/strong><em>Despu\u00e9s de 7 minutos de inactividad el sistema cierra la sesi\u00f3n web por seguridad. Te recomendamos tener toda la informaci\u00f3n necesaria y la documentaci\u00f3n requerida escaneada y a disposici\u00f3n antes de empezar a hacer el tr\u00e1mite.&nbsp;<\/em><\/p>\n\n\n\n<p class=\"has-medium-font-size\">Durante el proceso de inscripci\u00f3n se te solicitar\u00e1n adem\u00e1s de tu informaci\u00f3n personal los siguientes documentos;&nbsp;<\/p>\n\n\n\n<ul class=\"wp-block-list\">\n<li>documento de Identidad vigente;<\/li>\n\n\n\n<li>foto carn\u00e9, y<\/li>\n\n\n\n<li>carn\u00e9 de salud vigente.<\/li>\n<\/ul>\n\n\n\n<p class=\"has-medium-font-size\">Algunas carreras pueden solicitarte otra documentaci\u00f3n espec\u00edfica, as\u00ed que deber\u00e1s consultar antes de empezar tu inscripci\u00f3n en el sitio del servicio universitario correspondiente.<\/p>\n\n\n\n<p class=\"has-medium-font-size\">Antes de terminar, verific\u00e1 los datos de preinscripci\u00f3n ingresados y luego confirm\u00e1 con un clic en el bot\u00f3n \u00abACEPTAR\u00bb.<\/p>\n\n\n\n<p class=\"has-medium-font-size\">Ten\u00e9 en cuenta que:<\/p>\n\n\n\n<ul class=\"wp-block-list\">\n<li>Al finalizar tu preinscripci\u00f3n se te solicitar\u00e1 que aceptes los t\u00e9rminos para el tratamiento de datos personales, <a href=\"https:\/\/dgjuridica.udelar.edu.uy\/terminos-tratamiento-datos-07-2022.php\"><strong>accesibles aqu\u00ed.<\/strong><\/a><\/li>\n\n\n\n<li>Pod\u00e9s chequear el estado de tu preinscripci\u00f3n en <a href=\"http:\/\/bedelias.udelar.edu.uy\/\"><strong>bedelias.udelar.edu.uy<\/strong><\/a>. Para esto, deber\u00e1s dirigirte al men\u00fa superior y en la secci\u00f3n \u00abPreinscripciones\u00bb hacer clic en \u00abConsulta ingreso Udelar\u00bb. Despu\u00e9s de autenticarte pod\u00e9s comprobar si tu preinscripci\u00f3n est\u00e1 pendiente, fue aprobada o rechazada.<\/li>\n\n\n\n<li>Deber\u00e1s revisar que el correo electr\u00f3nico que registres&nbsp; sea correcto, ya que es ah\u00ed donde recibir\u00e1s la informaci\u00f3n necesaria para generar tu usuario Udelar.<\/li>\n\n\n\n<li>El sistema te permitir\u00e1 preinscribirte de manera virtual hasta en 2 facultades o servicios y en 4 carreras en total. Para inscribirte a m\u00e1s carreras deber\u00e1s concurrir personalmente a Bedel\u00eda.<\/li>\n<\/ul>\n\n\n\n<h2 class=\"has-black-color has-vivid-purple-background-color has-text-color has-background has-large-font-size wp-block-heading\"><strong>4. Obten\u00e9 tu usuario Udelar<\/strong><\/h2>\n\n\n\n<p class=\"has-medium-font-size\">Una vez que la Bedel\u00eda confirme tu inscripci\u00f3n a la carrera, recibir\u00e1s un correo con un c\u00f3digo de activaci\u00f3n v\u00e1lido por 72 horas. Es por esto que te recomendamos revisar la carpeta de SPAM o correo no deseado por si te llega all\u00ed y no a la bandeja de entrada.<\/p>\n\n\n\n<p class=\"has-medium-font-size\">Segu\u00ed los pasos que se te indican en el correo para activar tu usuario y generar tu contrase\u00f1a. Con este usuario podr\u00e1s acceder a todos los servicios inform\u00e1ticos de la Udelar.<\/p>\n\n\n\n<p class=\"has-medium-font-size\"><strong>Por m\u00e1s informaci\u00f3n, ingresar en: <\/strong>udelar.edu.uy\/portal y por Prescripciones a <a href=\"http:\/\/bedelias.udelar.edu.uy\/\">bedelias.udelar.edu.uy<\/a> <\/p>\n\n\n\n<p class=\"has-medium-font-size\"><\/p>\n\n\n\n<h2 class=\"has-black-color has-vivid-purple-background-color has-text-color has-background has-large-font-size wp-block-heading\"><strong>5. Inscripci\u00f3n a los cursos<\/strong><\/h2>\n\n\n\n<p class=\"has-medium-font-size\">En la Escuela de Nutrici\u00f3n, luego de terminada tu preinscripci\u00f3n y que haya sido aceptada, te inscribiremos autom\u00e1ticamente a  todos los cursos del primer semestre de la carrera. <\/p>\n\n\n\n<h1 class=\"has-black-color has-vivid-purple-background-color has-text-color has-background has-large-font-size wp-block-heading\"><strong>M\u00e1s informaci\u00f3n<\/strong><\/h1>\n\n\n\n<h3 class=\"has-large-font-size wp-block-heading\"><strong>FORMA<\/strong>: Formularios autogestionados (obligatorio)<\/h3>\n\n\n\n<blockquote class=\"wp-block-quote is-layout-flow wp-block-quote-is-layout-flow\">\n<p class=\"has-medium-font-size\">Es <strong>obligatorio<\/strong> para todas y todos los estudiantes completar el formulario estad\u00edstico antes del <strong>14 de junio de 2023<\/strong>. Debes ingresar a <a href=\"http:\/\/formularios.udelar.edu.uy\/\">formularios.udelar.edu.uy<\/a> y seleccionar la opci\u00f3n \u00abFormA-Estudiante de Grado\u00bb. Complet\u00e1 todos los datos y hace click en finalizar. Ten\u00e9s que realizar el formulario por cada carrera en la que est\u00e9s inscripto.<\/p>\n<\/blockquote>\n\n\n\n<p class=\"has-large-font-size\"><strong>BECAS DE APOYO<\/strong><\/p>\n\n\n\n<blockquote class=\"wp-block-quote is-layout-flow wp-block-quote-is-layout-flow\">\n<p class=\"has-medium-font-size\">Acced\u00e9 a toda la informaci\u00f3n sobre becas de apoyo en: <a href=\"https:\/\/udelar.edu.uy\/generacion2023\/becas-de-apoyo-2023\/\">udelar.edu.uy\/generacion2023\/becas-de-apoyo-2023<\/a><\/p>\n<\/blockquote>\n\n\n\n<p class=\"has-large-font-size\"><strong>TOM\u00c1 CARRERA: Cursos preparatorios<\/strong><\/p>\n\n\n\n<blockquote class=\"wp-block-quote is-layout-flow wp-block-quote-is-layout-flow\">\n<p class=\"has-medium-font-size\">Acced\u00e9 a toda la informaci\u00f3n sobre los cursos de apoyo virtuales, gratuitos y abiertos en: <a href=\"https:\/\/udelar.edu.uy\/generacion2023\/tomacarrera\">udelar.edu.uy\/generacion2023\/tomacarrera<\/a><\/p>\n<\/blockquote>\n\n\n\n<p class=\"has-large-font-size\"><strong>TUTOR\u00cdAS ENTRE PARES<\/strong><\/p>\n\n\n\n<blockquote class=\"wp-block-quote is-layout-flow wp-block-quote-is-layout-flow\">\n<p class=\"has-medium-font-size\">Pod\u00e9s acceder a tutores pares, estudiantes avanzados que te acompa\u00f1ar\u00e1n en tu integraci\u00f3n a la vida universitaria. Inscribite al programa en: <a href=\"https:\/\/udelar.edu.uy\/generacion2023\/tutorias-entre-pares\/\">udelar.edu.uy\/generacion2023\/tutorias-entre-pares<\/a><\/p>\n<\/blockquote>\n\n\n\n<p class=\"has-large-font-size\"><strong>SERVICIO DE ATENCI\u00d3N<\/strong><\/p>\n\n\n\n<blockquote class=\"wp-block-quote is-layout-flow wp-block-quote-is-layout-flow\">\n<p class=\"has-medium-font-size\">Si te quedan dudas, pod\u00e9s contactarte con un servicio de atenci\u00f3n personalizado por el correo: <a href=\"mailto:informacion@udelar.edu.uy\">informacion@udelar.edu.uy<\/a>; los tel\u00e9fonos: 2400 1918 o 2408 2566; y por nuestras redes sociales en <a href=\"https:\/\/es-la.facebook.com\/udelar\">Facebook<\/a> <a href=\"https:\/\/www.instagram.com\/udelar_uy\/?hl=es\">Instagram<\/a> y <a href=\"https:\/\/twitter.com\/Udelaruy?ref_src=twsrc%5Egoogle%7Ctwcamp%5Eserp%7Ctwgr%5Eauthor\">Twitter<\/a>.<\/p>\n\n\n\n<p class=\"has-medium-font-size\">Tambi\u00e9n con la Bedel\u00eda de la escuela de Nutrici\u00f3n, por mail bedelia@nutricion.edu.uy, o por telefono 24860131 int 117<\/p>\n<\/blockquote>\n","protected":false},"excerpt":{"rendered":"<p>1. Preparate Para comenzar, consult\u00e1 el sitio web del servicio universitario (Facultad, Instituto, Escuela o Centro Universitario Regional) donde quieras estudiar para obtener mayor informaci\u00f3n sobre los requisitos y la documentaci\u00f3n necesaria para la inscripci\u00f3n. La certificaci\u00f3n de haber finalizado tus estudios secundarios la ten\u00e9s que solicitar donde cursaste tu \u00faltimo a\u00f1o: Migrantes: Si sos&hellip;<\/p>\n","protected":false},"author":7,"featured_media":9772,"comment_status":"closed","ping_status":"closed","sticky":false,"template":"","format":"standard","meta":{"footnotes":""},"categories":[4,11],"tags":[],"class_list":["post-9847","post","type-post","status-publish","format-standard","has-post-thumbnail","hentry","category-bedelia","category-inicio"],"yoast_head":"<!-- This site is optimized with the Yoast SEO plugin v24.9 - https:\/\/yoast.com\/wordpress\/plugins\/seo\/ -->\n<title>INSCRIPCIONES 2023 - Escuela de Nutrici\u00f3n<\/title>\n<meta name=\"robots\" content=\"index, follow, max-snippet:-1, max-image-preview:large, max-video-preview:-1\" \/>\n<link rel=\"canonical\" href=\"https:\/\/www.nutricion.edu.uy\/?p=9847\" \/>\n<meta property=\"og:locale\" content=\"es_ES\" \/>\n<meta property=\"og:type\" content=\"article\" \/>\n<meta property=\"og:title\" content=\"INSCRIPCIONES 2023 - Escuela de Nutrici\u00f3n\" \/>\n<meta property=\"og:description\" content=\"1. Preparate Para comenzar, consult\u00e1 el sitio web del servicio universitario (Facultad, Instituto, Escuela o Centro Universitario Regional) donde quieras estudiar para obtener mayor informaci\u00f3n sobre los requisitos y la documentaci\u00f3n necesaria para la inscripci\u00f3n. La certificaci\u00f3n de haber finalizado tus estudios secundarios la ten\u00e9s que solicitar donde cursaste tu \u00faltimo a\u00f1o: Migrantes: Si sos&hellip;\" \/>\n<meta property=\"og:url\" content=\"https:\/\/www.nutricion.edu.uy\/?p=9847\" \/>\n<meta property=\"og:site_name\" content=\"Escuela de Nutrici\u00f3n\" \/>\n<meta property=\"article:published_time\" content=\"2023-02-02T15:00:15+00:00\" \/>\n<meta property=\"article:modified_time\" content=\"2023-02-03T16:10:17+00:00\" \/>\n<meta property=\"og:image\" content=\"https:\/\/www.nutricion.edu.uy\/wp-content\/uploads\/2022\/12\/INSCRIPCIONES.png\" \/>\n\t<meta property=\"og:image:width\" content=\"1640\" \/>\n\t<meta property=\"og:image:height\" content=\"835\" \/>\n\t<meta property=\"og:image:type\" content=\"image\/png\" \/>\n<meta name=\"author\" content=\"Bedel\u00eda\" \/>\n<meta name=\"twitter:card\" content=\"summary_large_image\" \/>\n<meta name=\"twitter:label1\" content=\"Escrito por\" \/>\n\t<meta name=\"twitter:data1\" content=\"Bedel\u00eda\" \/>\n\t<meta name=\"twitter:label2\" content=\"Tiempo de lectura\" \/>\n\t<meta name=\"twitter:data2\" content=\"4 minutos\" \/>\n<script type=\"application\/ld+json\" class=\"yoast-schema-graph\">{\"@context\":\"https:\/\/schema.org\",\"@graph\":[{\"@type\":\"Article\",\"@id\":\"https:\/\/www.nutricion.edu.uy\/?p=9847#article\",\"isPartOf\":{\"@id\":\"https:\/\/www.nutricion.edu.uy\/?p=9847\"},\"author\":{\"name\":\"Bedel\u00eda\",\"@id\":\"https:\/\/www.nutricion.edu.uy\/#\/schema\/person\/054fedc9a7ef563737f9717956aef996\"},\"headline\":\"INSCRIPCIONES 2023\",\"datePublished\":\"2023-02-02T15:00:15+00:00\",\"dateModified\":\"2023-02-03T16:10:17+00:00\",\"mainEntityOfPage\":{\"@id\":\"https:\/\/www.nutricion.edu.uy\/?p=9847\"},\"wordCount\":956,\"publisher\":{\"@id\":\"https:\/\/www.nutricion.edu.uy\/#organization\"},\"image\":{\"@id\":\"https:\/\/www.nutricion.edu.uy\/?p=9847#primaryimage\"},\"thumbnailUrl\":\"https:\/\/www.nutricion.edu.uy\/wp-content\/uploads\/2022\/12\/INSCRIPCIONES.png\",\"articleSection\":[\"Bedelia\",\"Inicio\"],\"inLanguage\":\"es\"},{\"@type\":\"WebPage\",\"@id\":\"https:\/\/www.nutricion.edu.uy\/?p=9847\",\"url\":\"https:\/\/www.nutricion.edu.uy\/?p=9847\",\"name\":\"INSCRIPCIONES 2023 - Escuela de Nutrici\u00f3n\",\"isPartOf\":{\"@id\":\"https:\/\/www.nutricion.edu.uy\/#website\"},\"primaryImageOfPage\":{\"@id\":\"https:\/\/www.nutricion.edu.uy\/?p=9847#primaryimage\"},\"image\":{\"@id\":\"https:\/\/www.nutricion.edu.uy\/?p=9847#primaryimage\"},\"thumbnailUrl\":\"https:\/\/www.nutricion.edu.uy\/wp-content\/uploads\/2022\/12\/INSCRIPCIONES.png\",\"datePublished\":\"2023-02-02T15:00:15+00:00\",\"dateModified\":\"2023-02-03T16:10:17+00:00\",\"breadcrumb\":{\"@id\":\"https:\/\/www.nutricion.edu.uy\/?p=9847#breadcrumb\"},\"inLanguage\":\"es\",\"potentialAction\":[{\"@type\":\"ReadAction\",\"target\":[\"https:\/\/www.nutricion.edu.uy\/?p=9847\"]}]},{\"@type\":\"ImageObject\",\"inLanguage\":\"es\",\"@id\":\"https:\/\/www.nutricion.edu.uy\/?p=9847#primaryimage\",\"url\":\"https:\/\/www.nutricion.edu.uy\/wp-content\/uploads\/2022\/12\/INSCRIPCIONES.png\",\"contentUrl\":\"https:\/\/www.nutricion.edu.uy\/wp-content\/uploads\/2022\/12\/INSCRIPCIONES.png\",\"width\":1640,\"height\":835},{\"@type\":\"BreadcrumbList\",\"@id\":\"https:\/\/www.nutricion.edu.uy\/?p=9847#breadcrumb\",\"itemListElement\":[{\"@type\":\"ListItem\",\"position\":1,\"name\":\"Portada\",\"item\":\"https:\/\/www.nutricion.edu.uy\/\"},{\"@type\":\"ListItem\",\"position\":2,\"name\":\"INSCRIPCIONES 2023\"}]},{\"@type\":\"WebSite\",\"@id\":\"https:\/\/www.nutricion.edu.uy\/#website\",\"url\":\"https:\/\/www.nutricion.edu.uy\/\",\"name\":\"Escuela de Nutrici\u00f3n\",\"description\":\"Universidad de la Rep\u00fablica\",\"publisher\":{\"@id\":\"https:\/\/www.nutricion.edu.uy\/#organization\"},\"potentialAction\":[{\"@type\":\"SearchAction\",\"target\":{\"@type\":\"EntryPoint\",\"urlTemplate\":\"https:\/\/www.nutricion.edu.uy\/?s={search_term_string}\"},\"query-input\":{\"@type\":\"PropertyValueSpecification\",\"valueRequired\":true,\"valueName\":\"search_term_string\"}}],\"inLanguage\":\"es\"},{\"@type\":\"Organization\",\"@id\":\"https:\/\/www.nutricion.edu.uy\/#organization\",\"name\":\"Escuela de Nutrici\u00f3n Udelar\",\"url\":\"https:\/\/www.nutricion.edu.uy\/\",\"logo\":{\"@type\":\"ImageObject\",\"inLanguage\":\"es\",\"@id\":\"https:\/\/www.nutricion.edu.uy\/#\/schema\/logo\/image\/\",\"url\":\"https:\/\/www.nutricion.edu.uy\/wp-content\/uploads\/2018\/01\/logo_escuela.png\",\"contentUrl\":\"https:\/\/www.nutricion.edu.uy\/wp-content\/uploads\/2018\/01\/logo_escuela.png\",\"width\":257,\"height\":70,\"caption\":\"Escuela de Nutrici\u00f3n Udelar\"},\"image\":{\"@id\":\"https:\/\/www.nutricion.edu.uy\/#\/schema\/logo\/image\/\"}},{\"@type\":\"Person\",\"@id\":\"https:\/\/www.nutricion.edu.uy\/#\/schema\/person\/054fedc9a7ef563737f9717956aef996\",\"name\":\"Bedel\u00eda\",\"url\":\"https:\/\/www.nutricion.edu.uy\/?author=7\"}]}<\/script>\n<!-- \/ Yoast SEO plugin. -->","yoast_head_json":{"title":"INSCRIPCIONES 2023 - Escuela de Nutrici\u00f3n","robots":{"index":"index","follow":"follow","max-snippet":"max-snippet:-1","max-image-preview":"max-image-preview:large","max-video-preview":"max-video-preview:-1"},"canonical":"https:\/\/www.nutricion.edu.uy\/?p=9847","og_locale":"es_ES","og_type":"article","og_title":"INSCRIPCIONES 2023 - Escuela de Nutrici\u00f3n","og_description":"1. Preparate Para comenzar, consult\u00e1 el sitio web del servicio universitario (Facultad, Instituto, Escuela o Centro Universitario Regional) donde quieras estudiar para obtener mayor informaci\u00f3n sobre los requisitos y la documentaci\u00f3n necesaria para la inscripci\u00f3n. La certificaci\u00f3n de haber finalizado tus estudios secundarios la ten\u00e9s que solicitar donde cursaste tu \u00faltimo a\u00f1o: Migrantes: Si sos&hellip;","og_url":"https:\/\/www.nutricion.edu.uy\/?p=9847","og_site_name":"Escuela de Nutrici\u00f3n","article_published_time":"2023-02-02T15:00:15+00:00","article_modified_time":"2023-02-03T16:10:17+00:00","og_image":[{"width":1640,"height":835,"url":"https:\/\/www.nutricion.edu.uy\/wp-content\/uploads\/2022\/12\/INSCRIPCIONES.png","type":"image\/png"}],"author":"Bedel\u00eda","twitter_card":"summary_large_image","twitter_misc":{"Escrito por":"Bedel\u00eda","Tiempo de lectura":"4 minutos"},"schema":{"@context":"https:\/\/schema.org","@graph":[{"@type":"Article","@id":"https:\/\/www.nutricion.edu.uy\/?p=9847#article","isPartOf":{"@id":"https:\/\/www.nutricion.edu.uy\/?p=9847"},"author":{"name":"Bedel\u00eda","@id":"https:\/\/www.nutricion.edu.uy\/#\/schema\/person\/054fedc9a7ef563737f9717956aef996"},"headline":"INSCRIPCIONES 2023","datePublished":"2023-02-02T15:00:15+00:00","dateModified":"2023-02-03T16:10:17+00:00","mainEntityOfPage":{"@id":"https:\/\/www.nutricion.edu.uy\/?p=9847"},"wordCount":956,"publisher":{"@id":"https:\/\/www.nutricion.edu.uy\/#organization"},"image":{"@id":"https:\/\/www.nutricion.edu.uy\/?p=9847#primaryimage"},"thumbnailUrl":"https:\/\/www.nutricion.edu.uy\/wp-content\/uploads\/2022\/12\/INSCRIPCIONES.png","articleSection":["Bedelia","Inicio"],"inLanguage":"es"},{"@type":"WebPage","@id":"https:\/\/www.nutricion.edu.uy\/?p=9847","url":"https:\/\/www.nutricion.edu.uy\/?p=9847","name":"INSCRIPCIONES 2023 - Escuela de Nutrici\u00f3n","isPartOf":{"@id":"https:\/\/www.nutricion.edu.uy\/#website"},"primaryImageOfPage":{"@id":"https:\/\/www.nutricion.edu.uy\/?p=9847#primaryimage"},"image":{"@id":"https:\/\/www.nutricion.edu.uy\/?p=9847#primaryimage"},"thumbnailUrl":"https:\/\/www.nutricion.edu.uy\/wp-content\/uploads\/2022\/12\/INSCRIPCIONES.png","datePublished":"2023-02-02T15:00:15+00:00","dateModified":"2023-02-03T16:10:17+00:00","breadcrumb":{"@id":"https:\/\/www.nutricion.edu.uy\/?p=9847#breadcrumb"},"inLanguage":"es","potentialAction":[{"@type":"ReadAction","target":["https:\/\/www.nutricion.edu.uy\/?p=9847"]}]},{"@type":"ImageObject","inLanguage":"es","@id":"https:\/\/www.nutricion.edu.uy\/?p=9847#primaryimage","url":"https:\/\/www.nutricion.edu.uy\/wp-content\/uploads\/2022\/12\/INSCRIPCIONES.png","contentUrl":"https:\/\/www.nutricion.edu.uy\/wp-content\/uploads\/2022\/12\/INSCRIPCIONES.png","width":1640,"height":835},{"@type":"BreadcrumbList","@id":"https:\/\/www.nutricion.edu.uy\/?p=9847#breadcrumb","itemListElement":[{"@type":"ListItem","position":1,"name":"Portada","item":"https:\/\/www.nutricion.edu.uy\/"},{"@type":"ListItem","position":2,"name":"INSCRIPCIONES 2023"}]},{"@type":"WebSite","@id":"https:\/\/www.nutricion.edu.uy\/#website","url":"https:\/\/www.nutricion.edu.uy\/","name":"Escuela de Nutrici\u00f3n","description":"Universidad de la Rep\u00fablica","publisher":{"@id":"https:\/\/www.nutricion.edu.uy\/#organization"},"potentialAction":[{"@type":"SearchAction","target":{"@type":"EntryPoint","urlTemplate":"https:\/\/www.nutricion.edu.uy\/?s={search_term_string}"},"query-input":{"@type":"PropertyValueSpecification","valueRequired":true,"valueName":"search_term_string"}}],"inLanguage":"es"},{"@type":"Organization","@id":"https:\/\/www.nutricion.edu.uy\/#organization","name":"Escuela de Nutrici\u00f3n Udelar","url":"https:\/\/www.nutricion.edu.uy\/","logo":{"@type":"ImageObject","inLanguage":"es","@id":"https:\/\/www.nutricion.edu.uy\/#\/schema\/logo\/image\/","url":"https:\/\/www.nutricion.edu.uy\/wp-content\/uploads\/2018\/01\/logo_escuela.png","contentUrl":"https:\/\/www.nutricion.edu.uy\/wp-content\/uploads\/2018\/01\/logo_escuela.png","width":257,"height":70,"caption":"Escuela de Nutrici\u00f3n Udelar"},"image":{"@id":"https:\/\/www.nutricion.edu.uy\/#\/schema\/logo\/image\/"}},{"@type":"Person","@id":"https:\/\/www.nutricion.edu.uy\/#\/schema\/person\/054fedc9a7ef563737f9717956aef996","name":"Bedel\u00eda","url":"https:\/\/www.nutricion.edu.uy\/?author=7"}]}},"_links":{"self":[{"href":"https:\/\/www.nutricion.edu.uy\/index.php?rest_route=\/wp\/v2\/posts\/9847","targetHints":{"allow":["GET"]}}],"collection":[{"href":"https:\/\/www.nutricion.edu.uy\/index.php?rest_route=\/wp\/v2\/posts"}],"about":[{"href":"https:\/\/www.nutricion.edu.uy\/index.php?rest_route=\/wp\/v2\/types\/post"}],"author":[{"embeddable":true,"href":"https:\/\/www.nutricion.edu.uy\/index.php?rest_route=\/wp\/v2\/users\/7"}],"replies":[{"embeddable":true,"href":"https:\/\/www.nutricion.edu.uy\/index.php?rest_route=%2Fwp%2Fv2%2Fcomments&post=9847"}],"version-history":[{"count":8,"href":"https:\/\/www.nutricion.edu.uy\/index.php?rest_route=\/wp\/v2\/posts\/9847\/revisions"}],"predecessor-version":[{"id":9866,"href":"https:\/\/www.nutricion.edu.uy\/index.php?rest_route=\/wp\/v2\/posts\/9847\/revisions\/9866"}],"wp:featuredmedia":[{"embeddable":true,"href":"https:\/\/www.nutricion.edu.uy\/index.php?rest_route=\/wp\/v2\/media\/9772"}],"wp:attachment":[{"href":"https:\/\/www.nutricion.edu.uy\/index.php?rest_route=%2Fwp%2Fv2%2Fmedia&parent=9847"}],"wp:term":[{"taxonomy":"category","embeddable":true,"href":"https:\/\/www.nutricion.edu.uy\/index.php?rest_route=%2Fwp%2Fv2%2Fcategories&post=9847"},{"taxonomy":"post_tag","embeddable":true,"href":"https:\/\/www.nutricion.edu.uy\/index.php?rest_route=%2Fwp%2Fv2%2Ftags&post=9847"}],"curies":[{"name":"wp","href":"https:\/\/api.w.org\/{rel}","templated":true}]}}